{"id":6229,"date":"2021-05-05T16:36:45","date_gmt":"2021-05-05T14:36:45","guid":{"rendered":"https:\/\/luciaschwalenberg.de\/?p=6229"},"modified":"2021-05-07T10:32:33","modified_gmt":"2021-05-07T08:32:33","slug":"key-point-galleri","status":"publish","type":"post","link":"https:\/\/luciaschwalenberg.de\/sv\/key-point-galleri\/","title":{"rendered":"Galleri Spotlight"},"content":{"rendered":"<p><strong>Textilstudenter utvecklar tyg f\u00f6r det historiska v\u00e4veriet Beiderwand Meldorf<\/strong><\/p>\n<p>Inspirerade av de historiska motiven fr\u00e5n v\u00e4veriet Beiderwand i Meldorf utvecklade textilstudenter fr\u00e5n universitetet i Osnabr\u00fcck nya tidl\u00f6sa tygdesigner. Lucia Schwalenberg ledde samarbetsprojektet med Stiftung Mensch. Resultaten visas i en utst\u00e4llning p\u00e5 galleriet \"Stichpunkt\".<!--more--><\/p>\n<p>Stiftung Mensch har ett v\u00e4veri i det gamla pastoratet i Meldorf som \u00e4r unikt i Tyskland. En del av v\u00e4veriet \u00e4r en historiskt framvuxen provskatt med komplexa Jacquard-kartl\u00e4ggningar, historiska v\u00e4vstolar, maskiner och apparater samt ett arkiv med tygritningar och prover. Det drivs av Stiftung Mensch med anst\u00e4llda med funktionshinder. Produktionen baseras p\u00e5 historiska m\u00f6nster.<\/p>\n<p>Genom kontakt med verkstadschefen Wolfgang Sternberg uppstod id\u00e9n att tillsammans med studenter skapa nya, tidl\u00f6sa m\u00f6nster f\u00f6r museets historiska v\u00e4veri. Studenterna hade redan utvecklat m\u00f6nster under tidigare terminer, till exempel f\u00f6r en Bauhaus-utst\u00e4llning p\u00e5 Tuchmacher Museum Bramsche, f\u00f6r den akademiska halsduken p\u00e5 universitetet i Osnabr\u00fcck eller f\u00f6r ett socialt projekt i Sri Lanka. Wolfgang Sternberg hade i samband med omstruktureringen av verkstaden f\u00f6r textildesign hj\u00e4lpt till att restaurera avdelningens egen h\u00e5lkortsjacquardv\u00e4vstol. Nu erbj\u00f6d sig m\u00f6jligheten till ytterligare ett samarbete - ett kulturhistoriskt f\u00f6rh\u00e5llningss\u00e4tt till Beiderwand-v\u00e4vning p\u00e5 en modern grund.<\/p>\n<p>Reparationsarbeten p\u00e5 utrustningen gjorde det nyligen m\u00f6jligt att sl\u00e5 nya kartor i Meldorf. Detta \u00f6ppnade m\u00f6jligheten f\u00f6r samarbetsprojektet mellan Mensch-stiftelsens v\u00e4vstuga Beiderwand och institutionen f\u00f6r textildesign vid universitetet i Osnabr\u00fcck. Inspirerade av de historiska motiven, den renoverade tekniken och den ursprungligen avsedda museipraktiken att utveckla nya m\u00f6nster i verkstaden, satte studenterna ig\u00e5ng med arbetet. M\u00e5let var att utveckla tidl\u00f6sa, geometriska m\u00f6nster som kunde omvandlas till jacquardkort till en hanterbar kostnad. De detaljerade historiska kortserierna kr\u00e4ver tusentals jacquardkort, som m\u00e5ste sl\u00e5s kort f\u00f6r kort och sys ihop f\u00f6r att bilda en serie. F\u00f6r det praktiska genomf\u00f6randet b\u00f6r man utveckla m\u00f6nster som kan genomf\u00f6ras med ett till tv\u00e5hundra jacquardkort i Stiftung Menschs verkstadsverksamhet.<\/p>\n<p>Studenterna utvecklade ett f\u00f6rh\u00e5llningss\u00e4tt till tekniken f\u00f6r Beiderwand-v\u00e4vning. De unders\u00f6kte ursprung, anv\u00e4ndning, utveckling, material och betydelse f\u00f6r den historiska v\u00e4vtekniken. P\u00e5 grundval av detta genomf\u00f6rdes designen i seminariedeltagarnas individuella och kollektiva designprocess fr\u00e5n handgjorda skisser, bearbetning i bildredigeringsprogrammet och rapport till realisering som ett tygprov p\u00e5 den digitala handjacquardv\u00e4vstolen TC2 p\u00e5 avdelningen.<\/p>\n<p>De studenter som deltog i projektet var Canan Barcin, Jessica Kirschmann, Annika Klinkig, Anja Leshoff, Rieke Ohlsen, Sophia Schlimm, Heidrun Schneider, Zeynep Yaman och Beyza Yilmaz. Seminariet leddes av textildesigner och forskningsassistent vid avdelningen, Lucia Schwalenberg.<\/p>\n<p>Resultaten av samarbetsprojektet kommer att visas i en utst\u00e4llning p\u00e5 Stichpunkt Gallery of Textile Design fr\u00e5n maj till juni 2021 p\u00e5 Seminarstra\u00dfe 33 i Osnabr\u00fcck.<\/p>\n<p>Projektet \"Musterschatz\" \u00e4r ett exempel p\u00e5 implementering av designinneh\u00e5ll i studier om coronapandemin: Utmaningen var att m\u00f6jligg\u00f6ra det praktiska genomf\u00f6randet av designerna och att uppn\u00e5 m\u00e5len f\u00f6r seminariet trots strikta tilltr\u00e4desbegr\u00e4nsningar i textildesignens verkstadslokaler. Tack vare det stora engagemanget och h\u00e4ngivenheten hos de inblandade studenterna och l\u00e4rarna och ett noggrant iakttagande av alla hygien\u00e5tg\u00e4rder lyckades man f\u00f6rverkliga totalt n\u00e4stan 40 designutkast p\u00e5 avdelningens digitala jacquard. Ett urval av dessa kan ses i utst\u00e4llningen.<\/p>\n<p>Institutionen f\u00f6r textildesign erbjuder kandidatprogrammet i pedagogik och masterprogrammen i grundskoll\u00e4rarutbildning och gymnasiel\u00e4rarutbildning. Syftet med studieprogrammet \u00e4r att utbilda framtida l\u00e4rare att engagera sig i en bred vetenskaplig och kreativ unders\u00f6kning av m\u00e5ngfalden av textilkultur. Projektet Beiderwand i samarbete med Stiftung Mensch kombinerade en designuppgift med fr\u00e5gor om inkludering och kulturell h\u00e5llbarhet. Samtidigt \u00f6verbryggade seminariet klyftan mellan analog och digital teknik i design och produktion av textilier.<\/p>\n<p><a href=\"https:\/\/etn-net.org\/berichte\/heritage-of-patternsexhibition-at-gallery-stichpunkt-university-osnabr%C3%BCck-de01-05-30-06-2021.html\">Se rapporten fr\u00e5n det europeiska textiln\u00e4tverket ETN<\/a><\/p>\n<p><strong>Ytterligare information:<\/strong>\u00a0Universitetet i Osnabr\u00fcck\/Fachomr\u00e5de Textiles Gestalten, Dipl. Journ.\/Dipl. Des. Lucia Schwalenberg: 0541-969-4219 \/ 05103-706424, lucia.schwalenberg@uni-osnabrueck.de<\/p>\n<p><strong>Foton\/text:<\/strong>\u00a0Lucia Schwalenberg<\/p>\n<p><img loading=\"lazy\" decoding=\"async\" class=\"alignnone size-full wp-image-6232\" src=\"https:\/\/luciaschwalenberg.de\/wp-content\/uploads\/2021_04_30-beiderwandprojekt-2.jpg\" alt=\"\" width=\"2257\" height=\"1772\" srcset=\"https:\/\/luciaschwalenberg.de\/wp-content\/uploads\/2021_04_30-beiderwandprojekt-2.jpg 2257w, https:\/\/luciaschwalenberg.de\/wp-content\/uploads\/2021_04_30-beiderwandprojekt-2-300x236.jpg 300w, https:\/\/luciaschwalenberg.de\/wp-content\/uploads\/2021_04_30-beiderwandprojekt-2-1024x804.jpg 1024w, https:\/\/luciaschwalenberg.de\/wp-content\/uploads\/2021_04_30-beiderwandprojekt-2-768x603.jpg 768w, https:\/\/luciaschwalenberg.de\/wp-content\/uploads\/2021_04_30-beiderwandprojekt-2-1536x1206.jpg 1536w, https:\/\/luciaschwalenberg.de\/wp-content\/uploads\/2021_04_30-beiderwandprojekt-2-2048x1608.jpg 2048w, https:\/\/luciaschwalenberg.de\/wp-content\/uploads\/2021_04_30-beiderwandprojekt-2-660x518.jpg 660w, https:\/\/luciaschwalenberg.de\/wp-content\/uploads\/2021_04_30-beiderwandprojekt-2-191x150.jpg 191w, https:\/\/luciaschwalenberg.de\/wp-content\/uploads\/2021_04_30-beiderwandprojekt-2-332x261.jpg 332w, https:\/\/luciaschwalenberg.de\/wp-content\/uploads\/2021_04_30-beiderwandprojekt-2-600x471.jpg 600w\" sizes=\"auto, (max-width: 2257px) 100vw, 2257px\" \/><\/p>\n<figure id=\"attachment_6234\" aria-describedby=\"caption-attachment-6234\" style=\"width: 2249px\" class=\"wp-caption alignnone\"><img loading=\"lazy\" decoding=\"async\" class=\"wp-image-6234 size-full\" src=\"https:\/\/luciaschwalenberg.de\/wp-content\/uploads\/2021_04_30-biderwandprojekt-1.jpg\" alt=\"Projekt Beiderwand\" width=\"2249\" height=\"1612\" srcset=\"https:\/\/luciaschwalenberg.de\/wp-content\/uploads\/2021_04_30-biderwandprojekt-1.jpg 2249w, https:\/\/luciaschwalenberg.de\/wp-content\/uploads\/2021_04_30-biderwandprojekt-1-300x215.jpg 300w, https:\/\/luciaschwalenberg.de\/wp-content\/uploads\/2021_04_30-biderwandprojekt-1-1024x734.jpg 1024w, https:\/\/luciaschwalenberg.de\/wp-content\/uploads\/2021_04_30-biderwandprojekt-1-768x550.jpg 768w, https:\/\/luciaschwalenberg.de\/wp-content\/uploads\/2021_04_30-biderwandprojekt-1-1536x1101.jpg 1536w, https:\/\/luciaschwalenberg.de\/wp-content\/uploads\/2021_04_30-biderwandprojekt-1-2048x1468.jpg 2048w, https:\/\/luciaschwalenberg.de\/wp-content\/uploads\/2021_04_30-biderwandprojekt-1-660x473.jpg 660w, https:\/\/luciaschwalenberg.de\/wp-content\/uploads\/2021_04_30-biderwandprojekt-1-200x143.jpg 200w, https:\/\/luciaschwalenberg.de\/wp-content\/uploads\/2021_04_30-biderwandprojekt-1-364x261.jpg 364w, https:\/\/luciaschwalenberg.de\/wp-content\/uploads\/2021_04_30-biderwandprojekt-1-600x430.jpg 600w\" sizes=\"auto, (max-width: 2249px) 100vw, 2249px\" \/><figcaption id=\"caption-attachment-6234\" class=\"wp-caption-text\">Beiderwand-projektet f\u00f6r textildesign i samarbete med Stiftung Mensch<\/figcaption><\/figure>\n<figure id=\"attachment_6236\" aria-describedby=\"caption-attachment-6236\" style=\"width: 2560px\" class=\"wp-caption alignnone\"><img loading=\"lazy\" decoding=\"async\" class=\"size-full wp-image-6236\" src=\"https:\/\/luciaschwalenberg.de\/wp-content\/uploads\/2021_04_30-0-pressefoto-beiderwandprojekt-foto-lucia-schwalenberg-arbeiten-annika-klinkig-jessica-kirschhoff-heidrun-schenider-scaled.jpg\" alt=\"Projekt Beiderwand\" width=\"2560\" height=\"1707\" srcset=\"https:\/\/luciaschwalenberg.de\/wp-content\/uploads\/2021_04_30-0-pressefoto-beiderwandprojekt-foto-lucia-schwalenberg-arbeiten-annika-klinkig-jessica-kirschhoff-heidrun-schenider-scaled.jpg 2560w, https:\/\/luciaschwalenberg.de\/wp-content\/uploads\/2021_04_30-0-pressefoto-beiderwandprojekt-foto-lucia-schwalenberg-arbeiten-annika-klinkig-jessica-kirschhoff-heidrun-schenider-300x200.jpg 300w, https:\/\/luciaschwalenberg.de\/wp-content\/uploads\/2021_04_30-0-pressefoto-beiderwandprojekt-foto-lucia-schwalenberg-arbeiten-annika-klinkig-jessica-kirschhoff-heidrun-schenider-1024x683.jpg 1024w, https:\/\/luciaschwalenberg.de\/wp-content\/uploads\/2021_04_30-0-pressefoto-beiderwandprojekt-foto-lucia-schwalenberg-arbeiten-annika-klinkig-jessica-kirschhoff-heidrun-schenider-768x512.jpg 768w, https:\/\/luciaschwalenberg.de\/wp-content\/uploads\/2021_04_30-0-pressefoto-beiderwandprojekt-foto-lucia-schwalenberg-arbeiten-annika-klinkig-jessica-kirschhoff-heidrun-schenider-1536x1024.jpg 1536w, https:\/\/luciaschwalenberg.de\/wp-content\/uploads\/2021_04_30-0-pressefoto-beiderwandprojekt-foto-lucia-schwalenberg-arbeiten-annika-klinkig-jessica-kirschhoff-heidrun-schenider-2048x1365.jpg 2048w, https:\/\/luciaschwalenberg.de\/wp-content\/uploads\/2021_04_30-0-pressefoto-beiderwandprojekt-foto-lucia-schwalenberg-arbeiten-annika-klinkig-jessica-kirschhoff-heidrun-schenider-660x440.jpg 660w, https:\/\/luciaschwalenberg.de\/wp-content\/uploads\/2021_04_30-0-pressefoto-beiderwandprojekt-foto-lucia-schwalenberg-arbeiten-annika-klinkig-jessica-kirschhoff-heidrun-schenider-200x133.jpg 200w, https:\/\/luciaschwalenberg.de\/wp-content\/uploads\/2021_04_30-0-pressefoto-beiderwandprojekt-foto-lucia-schwalenberg-arbeiten-annika-klinkig-jessica-kirschhoff-heidrun-schenider-392x261.jpg 392w, https:\/\/luciaschwalenberg.de\/wp-content\/uploads\/2021_04_30-0-pressefoto-beiderwandprojekt-foto-lucia-schwalenberg-arbeiten-annika-klinkig-jessica-kirschhoff-heidrun-schenider-600x400.jpg 600w\" sizes=\"auto, (max-width: 2560px) 100vw, 2560px\" \/><figcaption id=\"caption-attachment-6236\" class=\"wp-caption-text\">Beiderwand-projektet f\u00f6r textildesign i samarbete med Stiftung Mensch<\/figcaption><\/figure>\n<figure id=\"attachment_6238\" aria-describedby=\"caption-attachment-6238\" style=\"width: 2015px\" class=\"wp-caption alignnone\"><img loading=\"lazy\" decoding=\"async\" class=\"size-full wp-image-6238\" src=\"https:\/\/luciaschwalenberg.de\/wp-content\/uploads\/2021_04_30-pressefoto-beiderwandprojekt-foto-lucia-schwalenberg-5.jpg\" alt=\"Projekt Beiderwand\" width=\"2015\" height=\"1535\" srcset=\"https:\/\/luciaschwalenberg.de\/wp-content\/uploads\/2021_04_30-pressefoto-beiderwandprojekt-foto-lucia-schwalenberg-5.jpg 2015w, https:\/\/luciaschwalenberg.de\/wp-content\/uploads\/2021_04_30-pressefoto-beiderwandprojekt-foto-lucia-schwalenberg-5-300x229.jpg 300w, https:\/\/luciaschwalenberg.de\/wp-content\/uploads\/2021_04_30-pressefoto-beiderwandprojekt-foto-lucia-schwalenberg-5-1024x780.jpg 1024w, https:\/\/luciaschwalenberg.de\/wp-content\/uploads\/2021_04_30-pressefoto-beiderwandprojekt-foto-lucia-schwalenberg-5-768x585.jpg 768w, https:\/\/luciaschwalenberg.de\/wp-content\/uploads\/2021_04_30-pressefoto-beiderwandprojekt-foto-lucia-schwalenberg-5-1536x1170.jpg 1536w, https:\/\/luciaschwalenberg.de\/wp-content\/uploads\/2021_04_30-pressefoto-beiderwandprojekt-foto-lucia-schwalenberg-5-660x503.jpg 660w, https:\/\/luciaschwalenberg.de\/wp-content\/uploads\/2021_04_30-pressefoto-beiderwandprojekt-foto-lucia-schwalenberg-5-197x150.jpg 197w, https:\/\/luciaschwalenberg.de\/wp-content\/uploads\/2021_04_30-pressefoto-beiderwandprojekt-foto-lucia-schwalenberg-5-343x261.jpg 343w, https:\/\/luciaschwalenberg.de\/wp-content\/uploads\/2021_04_30-pressefoto-beiderwandprojekt-foto-lucia-schwalenberg-5-600x457.jpg 600w\" sizes=\"auto, (max-width: 2015px) 100vw, 2015px\" \/><figcaption id=\"caption-attachment-6238\" class=\"wp-caption-text\">Beiderwand-projektet f\u00f6r textildesign i samarbete med Stiftung Mensch<\/figcaption><\/figure>","protected":false},"excerpt":{"rendered":"<p>Textilstudenter utvecklar tyger f\u00f6r det historiska Beiderwand-v\u00e4veriet i Meldorf Inspirerade av de historiska motiven fr\u00e5n Beiderwand-v\u00e4veriet i Meldorf utvecklade textilstudenter fr\u00e5n universitetet i Osnabr\u00fcck nya tidl\u00f6sa tygdesigner. Lucia Schwalenberg ledde samarbetsprojektet med Stiftung Mensch. Resultaten visas i en utst\u00e4llning p\u00e5 galleriet \"Stichpunkt\".<\/p>","protected":false},"author":1,"featured_media":6230,"comment_status":"open","ping_status":"open","sticky":false,"template":"","format":"standard","meta":{"_acf_changed":false,"footnotes":""},"categories":[1],"tags":[],"class_list":["post-6229","post","type-post","status-publish","format-standard","has-post-thumbnail","hentry","category-allgemein"],"acf":[],"yoast_head":"<!-- This site is optimized with the Yoast SEO plugin v25.6 - https:\/\/yoast.com\/wordpress\/plugins\/seo\/ -->\n<title>Stichpunktgalerie - Lucia Schwalenberg<\/title>\n<meta name=\"description\" content=\"Textilstudierende entwickeln Gewebe f\u00fcr die historische Beiderwandweberei Meldorf Inspiriert von den historischen Motiven der Beiderwandweberei Meldorf\" \/>\n<meta name=\"robots\" content=\"index, follow, max-snippet:-1, max-image-preview:large, max-video-preview:-1\" \/>\n<link rel=\"canonical\" href=\"https:\/\/luciaschwalenberg.de\/sv\/key-point-galleri\/\" \/>\n<meta property=\"og:locale\" content=\"sv_SE\" \/>\n<meta property=\"og:type\" content=\"article\" \/>\n<meta property=\"og:title\" content=\"Stichpunktgalerie - Lucia Schwalenberg\" \/>\n<meta property=\"og:description\" content=\"Textilstudierende entwickeln Gewebe f\u00fcr die historische Beiderwandweberei Meldorf Inspiriert von den historischen Motiven der Beiderwandweberei Meldorf\" \/>\n<meta property=\"og:url\" content=\"https:\/\/luciaschwalenberg.de\/sv\/key-point-galleri\/\" \/>\n<meta property=\"og:site_name\" content=\"Lucia Schwalenberg\" \/>\n<meta property=\"article:publisher\" content=\"https:\/\/www.facebook.com\/webereiluciaschwalenberg\" \/>\n<meta property=\"article:author\" content=\"https:\/\/www.facebook.com\/webereiluciaschwalenberg\" \/>\n<meta property=\"article:published_time\" content=\"2021-05-05T14:36:45+00:00\" \/>\n<meta property=\"article:modified_time\" content=\"2021-05-07T08:32:33+00:00\" \/>\n<meta property=\"og:image\" content=\"https:\/\/luciaschwalenberg.de\/wp-content\/uploads\/stichpunkt-beiderwandprojekt-433x650-1.jpg\" \/>\n\t<meta property=\"og:image:width\" content=\"433\" \/>\n\t<meta property=\"og:image:height\" content=\"433\" \/>\n\t<meta property=\"og:image:type\" content=\"image\/jpeg\" \/>\n<meta name=\"author\" content=\"Lucia Schwalenberg\" \/>\n<meta name=\"twitter:card\" content=\"summary_large_image\" \/>\n<meta name=\"twitter:creator\" content=\"@luciaweberei\" \/>\n<meta name=\"twitter:site\" content=\"@luciaweberei\" \/>\n<meta name=\"twitter:label1\" content=\"Skriven av\" \/>\n\t<meta name=\"twitter:data1\" content=\"Lucia Schwalenberg\" \/>\n\t<meta name=\"twitter:label2\" content=\"Ber\u00e4knad l\u00e4stid\" \/>\n\t<meta name=\"twitter:data2\" content=\"4 minuter\" \/>\n<script type=\"application\/ld+json\" class=\"yoast-schema-graph\">{\"@context\":\"https:\/\/schema.org\",\"@graph\":[{\"@type\":\"Article\",\"@id\":\"https:\/\/luciaschwalenberg.de\/stichpunktgalerie\/#article\",\"isPartOf\":{\"@id\":\"https:\/\/luciaschwalenberg.de\/stichpunktgalerie\/\"},\"author\":{\"name\":\"Lucia Schwalenberg\",\"@id\":\"https:\/\/luciaschwalenberg.de\/#\/schema\/person\/8b25331a7277074af9aba4e01fb5f9e3\"},\"headline\":\"Stichpunktgalerie\",\"datePublished\":\"2021-05-05T14:36:45+00:00\",\"dateModified\":\"2021-05-07T08:32:33+00:00\",\"mainEntityOfPage\":{\"@id\":\"https:\/\/luciaschwalenberg.de\/stichpunktgalerie\/\"},\"wordCount\":727,\"commentCount\":0,\"publisher\":{\"@id\":\"https:\/\/luciaschwalenberg.de\/#organization\"},\"image\":{\"@id\":\"https:\/\/luciaschwalenberg.de\/stichpunktgalerie\/#primaryimage\"},\"thumbnailUrl\":\"https:\/\/luciaschwalenberg.de\/wp-content\/uploads\/stichpunkt-beiderwandprojekt-433x650-1.jpg\",\"articleSection\":[\"Allgemein\"],\"inLanguage\":\"sv-SE\",\"potentialAction\":[{\"@type\":\"CommentAction\",\"name\":\"Comment\",\"target\":[\"https:\/\/luciaschwalenberg.de\/stichpunktgalerie\/#respond\"]}]},{\"@type\":\"WebPage\",\"@id\":\"https:\/\/luciaschwalenberg.de\/stichpunktgalerie\/\",\"url\":\"https:\/\/luciaschwalenberg.de\/stichpunktgalerie\/\",\"name\":\"Stichpunktgalerie - Lucia Schwalenberg\",\"isPartOf\":{\"@id\":\"https:\/\/luciaschwalenberg.de\/#website\"},\"primaryImageOfPage\":{\"@id\":\"https:\/\/luciaschwalenberg.de\/stichpunktgalerie\/#primaryimage\"},\"image\":{\"@id\":\"https:\/\/luciaschwalenberg.de\/stichpunktgalerie\/#primaryimage\"},\"thumbnailUrl\":\"https:\/\/luciaschwalenberg.de\/wp-content\/uploads\/stichpunkt-beiderwandprojekt-433x650-1.jpg\",\"datePublished\":\"2021-05-05T14:36:45+00:00\",\"dateModified\":\"2021-05-07T08:32:33+00:00\",\"description\":\"Textilstudierende entwickeln Gewebe f\u00fcr die historische Beiderwandweberei Meldorf Inspiriert von den historischen Motiven der Beiderwandweberei Meldorf\",\"breadcrumb\":{\"@id\":\"https:\/\/luciaschwalenberg.de\/stichpunktgalerie\/#breadcrumb\"},\"inLanguage\":\"sv-SE\",\"potentialAction\":[{\"@type\":\"ReadAction\",\"target\":[\"https:\/\/luciaschwalenberg.de\/stichpunktgalerie\/\"]}]},{\"@type\":\"ImageObject\",\"inLanguage\":\"sv-SE\",\"@id\":\"https:\/\/luciaschwalenberg.de\/stichpunktgalerie\/#primaryimage\",\"url\":\"https:\/\/luciaschwalenberg.de\/wp-content\/uploads\/stichpunkt-beiderwandprojekt-433x650-1.jpg\",\"contentUrl\":\"https:\/\/luciaschwalenberg.de\/wp-content\/uploads\/stichpunkt-beiderwandprojekt-433x650-1.jpg\",\"width\":433,\"height\":433,\"caption\":\"Ausstellung in der Galerie Stichpunkt in Osnabr\u00fcck: Beiderwandprojekt in Kooperation mit der Stiftung Mensch\"},{\"@type\":\"BreadcrumbList\",\"@id\":\"https:\/\/luciaschwalenberg.de\/stichpunktgalerie\/#breadcrumb\",\"itemListElement\":[{\"@type\":\"ListItem\",\"position\":1,\"name\":\"Home\",\"item\":\"https:\/\/luciaschwalenberg.de\/\"},{\"@type\":\"ListItem\",\"position\":2,\"name\":\"Stichpunktgalerie\"}]},{\"@type\":\"WebSite\",\"@id\":\"https:\/\/luciaschwalenberg.de\/#website\",\"url\":\"https:\/\/luciaschwalenberg.de\/\",\"name\":\"Lucia Schwalenberg\",\"description\":\"WEBEREI &amp; TEXTILDESIGN\",\"publisher\":{\"@id\":\"https:\/\/luciaschwalenberg.de\/#organization\"},\"potentialAction\":[{\"@type\":\"SearchAction\",\"target\":{\"@type\":\"EntryPoint\",\"urlTemplate\":\"https:\/\/luciaschwalenberg.de\/?s={search_term_string}\"},\"query-input\":{\"@type\":\"PropertyValueSpecification\",\"valueRequired\":true,\"valueName\":\"search_term_string\"}}],\"inLanguage\":\"sv-SE\"},{\"@type\":\"Organization\",\"@id\":\"https:\/\/luciaschwalenberg.de\/#organization\",\"name\":\"Weberei und Textildesign Lucia Schwalenberg\",\"url\":\"https:\/\/luciaschwalenberg.de\/\",\"logo\":{\"@type\":\"ImageObject\",\"inLanguage\":\"sv-SE\",\"@id\":\"https:\/\/luciaschwalenberg.de\/#\/schema\/logo\/image\/\",\"url\":\"https:\/\/luciaschwalenberg.de\/wp-content\/uploads\/logo-alt-lucia4.png\",\"contentUrl\":\"https:\/\/luciaschwalenberg.de\/wp-content\/uploads\/logo-alt-lucia4.png\",\"width\":246,\"height\":169,\"caption\":\"Weberei und Textildesign Lucia Schwalenberg\"},\"image\":{\"@id\":\"https:\/\/luciaschwalenberg.de\/#\/schema\/logo\/image\/\"},\"sameAs\":[\"https:\/\/www.facebook.com\/webereiluciaschwalenberg\",\"https:\/\/x.com\/luciaweberei\"]},{\"@type\":\"Person\",\"@id\":\"https:\/\/luciaschwalenberg.de\/#\/schema\/person\/8b25331a7277074af9aba4e01fb5f9e3\",\"name\":\"Lucia Schwalenberg\",\"image\":{\"@type\":\"ImageObject\",\"inLanguage\":\"sv-SE\",\"@id\":\"https:\/\/luciaschwalenberg.de\/#\/schema\/person\/image\/\",\"url\":\"https:\/\/secure.gravatar.com\/avatar\/ebce0e46391441d9f3e46922237621004cb05f3142ac8478760b0ce513f907c8?s=96&d=mm&r=g\",\"contentUrl\":\"https:\/\/secure.gravatar.com\/avatar\/ebce0e46391441d9f3e46922237621004cb05f3142ac8478760b0ce513f907c8?s=96&d=mm&r=g\",\"caption\":\"Lucia Schwalenberg\"},\"sameAs\":[\"https:\/\/luciaschwalenberg.de\",\"https:\/\/www.facebook.com\/webereiluciaschwalenberg\",\"https:\/\/x.com\/luciaweberei\"]}]}<\/script>\n<!-- \/ Yoast SEO plugin. -->","yoast_head_json":{"title":"Spotlight Gallery - Lucia Schwalenberg","description":"Textilstudenter utvecklar tyg f\u00f6r det historiska v\u00e4veriet Beiderwand i Meldorf Inspirerade av de historiska motiven fr\u00e5n v\u00e4veriet Beiderwand i Meldorf","robots":{"index":"index","follow":"follow","max-snippet":"max-snippet:-1","max-image-preview":"max-image-preview:large","max-video-preview":"max-video-preview:-1"},"canonical":"https:\/\/luciaschwalenberg.de\/sv\/key-point-galleri\/","og_locale":"sv_SE","og_type":"article","og_title":"Stichpunktgalerie - Lucia Schwalenberg","og_description":"Textilstudierende entwickeln Gewebe f\u00fcr die historische Beiderwandweberei Meldorf Inspiriert von den historischen Motiven der Beiderwandweberei Meldorf","og_url":"https:\/\/luciaschwalenberg.de\/sv\/key-point-galleri\/","og_site_name":"Lucia Schwalenberg","article_publisher":"https:\/\/www.facebook.com\/webereiluciaschwalenberg","article_author":"https:\/\/www.facebook.com\/webereiluciaschwalenberg","article_published_time":"2021-05-05T14:36:45+00:00","article_modified_time":"2021-05-07T08:32:33+00:00","og_image":[{"width":433,"height":433,"url":"https:\/\/luciaschwalenberg.de\/wp-content\/uploads\/stichpunkt-beiderwandprojekt-433x650-1.jpg","type":"image\/jpeg"}],"author":"Lucia Schwalenberg","twitter_card":"summary_large_image","twitter_creator":"@luciaweberei","twitter_site":"@luciaweberei","twitter_misc":{"Skriven av":"Lucia Schwalenberg","Ber\u00e4knad l\u00e4stid":"4 minuter"},"schema":{"@context":"https:\/\/schema.org","@graph":[{"@type":"Article","@id":"https:\/\/luciaschwalenberg.de\/stichpunktgalerie\/#article","isPartOf":{"@id":"https:\/\/luciaschwalenberg.de\/stichpunktgalerie\/"},"author":{"name":"Lucia Schwalenberg","@id":"https:\/\/luciaschwalenberg.de\/#\/schema\/person\/8b25331a7277074af9aba4e01fb5f9e3"},"headline":"Stichpunktgalerie","datePublished":"2021-05-05T14:36:45+00:00","dateModified":"2021-05-07T08:32:33+00:00","mainEntityOfPage":{"@id":"https:\/\/luciaschwalenberg.de\/stichpunktgalerie\/"},"wordCount":727,"commentCount":0,"publisher":{"@id":"https:\/\/luciaschwalenberg.de\/#organization"},"image":{"@id":"https:\/\/luciaschwalenberg.de\/stichpunktgalerie\/#primaryimage"},"thumbnailUrl":"https:\/\/luciaschwalenberg.de\/wp-content\/uploads\/stichpunkt-beiderwandprojekt-433x650-1.jpg","articleSection":["Allgemein"],"inLanguage":"sv-SE","potentialAction":[{"@type":"CommentAction","name":"Comment","target":["https:\/\/luciaschwalenberg.de\/stichpunktgalerie\/#respond"]}]},{"@type":"WebPage","@id":"https:\/\/luciaschwalenberg.de\/stichpunktgalerie\/","url":"https:\/\/luciaschwalenberg.de\/stichpunktgalerie\/","name":"Spotlight Gallery - Lucia Schwalenberg","isPartOf":{"@id":"https:\/\/luciaschwalenberg.de\/#website"},"primaryImageOfPage":{"@id":"https:\/\/luciaschwalenberg.de\/stichpunktgalerie\/#primaryimage"},"image":{"@id":"https:\/\/luciaschwalenberg.de\/stichpunktgalerie\/#primaryimage"},"thumbnailUrl":"https:\/\/luciaschwalenberg.de\/wp-content\/uploads\/stichpunkt-beiderwandprojekt-433x650-1.jpg","datePublished":"2021-05-05T14:36:45+00:00","dateModified":"2021-05-07T08:32:33+00:00","description":"Textilstudenter utvecklar tyg f\u00f6r det historiska v\u00e4veriet Beiderwand i Meldorf Inspirerade av de historiska motiven fr\u00e5n v\u00e4veriet Beiderwand i Meldorf","breadcrumb":{"@id":"https:\/\/luciaschwalenberg.de\/stichpunktgalerie\/#breadcrumb"},"inLanguage":"sv-SE","potentialAction":[{"@type":"ReadAction","target":["https:\/\/luciaschwalenberg.de\/stichpunktgalerie\/"]}]},{"@type":"ImageObject","inLanguage":"sv-SE","@id":"https:\/\/luciaschwalenberg.de\/stichpunktgalerie\/#primaryimage","url":"https:\/\/luciaschwalenberg.de\/wp-content\/uploads\/stichpunkt-beiderwandprojekt-433x650-1.jpg","contentUrl":"https:\/\/luciaschwalenberg.de\/wp-content\/uploads\/stichpunkt-beiderwandprojekt-433x650-1.jpg","width":433,"height":433,"caption":"Ausstellung in der Galerie Stichpunkt in Osnabr\u00fcck: Beiderwandprojekt in Kooperation mit der Stiftung Mensch"},{"@type":"BreadcrumbList","@id":"https:\/\/luciaschwalenberg.de\/stichpunktgalerie\/#breadcrumb","itemListElement":[{"@type":"ListItem","position":1,"name":"Home","item":"https:\/\/luciaschwalenberg.de\/"},{"@type":"ListItem","position":2,"name":"Stichpunktgalerie"}]},{"@type":"WebSite","@id":"https:\/\/luciaschwalenberg.de\/#website","url":"https:\/\/luciaschwalenberg.de\/","name":"Lucia Schwalenberg","description":"V\u00c4VNING OCH TEXTILDESIGN","publisher":{"@id":"https:\/\/luciaschwalenberg.de\/#organization"},"potentialAction":[{"@type":"SearchAction","target":{"@type":"EntryPoint","urlTemplate":"https:\/\/luciaschwalenberg.de\/?s={search_term_string}"},"query-input":{"@type":"PropertyValueSpecification","valueRequired":true,"valueName":"search_term_string"}}],"inLanguage":"sv-SE"},{"@type":"Organization","@id":"https:\/\/luciaschwalenberg.de\/#organization","name":"V\u00e4vning och textildesign Lucia Schwalenberg","url":"https:\/\/luciaschwalenberg.de\/","logo":{"@type":"ImageObject","inLanguage":"sv-SE","@id":"https:\/\/luciaschwalenberg.de\/#\/schema\/logo\/image\/","url":"https:\/\/luciaschwalenberg.de\/wp-content\/uploads\/logo-alt-lucia4.png","contentUrl":"https:\/\/luciaschwalenberg.de\/wp-content\/uploads\/logo-alt-lucia4.png","width":246,"height":169,"caption":"Weberei und Textildesign Lucia Schwalenberg"},"image":{"@id":"https:\/\/luciaschwalenberg.de\/#\/schema\/logo\/image\/"},"sameAs":["https:\/\/www.facebook.com\/webereiluciaschwalenberg","https:\/\/x.com\/luciaweberei"]},{"@type":"Person","@id":"https:\/\/luciaschwalenberg.de\/#\/schema\/person\/8b25331a7277074af9aba4e01fb5f9e3","name":"Lucia Schwalenberg","image":{"@type":"ImageObject","inLanguage":"sv-SE","@id":"https:\/\/luciaschwalenberg.de\/#\/schema\/person\/image\/","url":"https:\/\/secure.gravatar.com\/avatar\/ebce0e46391441d9f3e46922237621004cb05f3142ac8478760b0ce513f907c8?s=96&d=mm&r=g","contentUrl":"https:\/\/secure.gravatar.com\/avatar\/ebce0e46391441d9f3e46922237621004cb05f3142ac8478760b0ce513f907c8?s=96&d=mm&r=g","caption":"Lucia Schwalenberg"},"sameAs":["https:\/\/luciaschwalenberg.de","https:\/\/www.facebook.com\/webereiluciaschwalenberg","https:\/\/x.com\/luciaweberei"]}]}},"_links":{"self":[{"href":"https:\/\/luciaschwalenberg.de\/sv\/wp-json\/wp\/v2\/posts\/6229","targetHints":{"allow":["GET"]}}],"collection":[{"href":"https:\/\/luciaschwalenberg.de\/sv\/wp-json\/wp\/v2\/posts"}],"about":[{"href":"https:\/\/luciaschwalenberg.de\/sv\/wp-json\/wp\/v2\/types\/post"}],"author":[{"embeddable":true,"href":"https:\/\/luciaschwalenberg.de\/sv\/wp-json\/wp\/v2\/users\/1"}],"replies":[{"embeddable":true,"href":"https:\/\/luciaschwalenberg.de\/sv\/wp-json\/wp\/v2\/comments?post=6229"}],"version-history":[{"count":0,"href":"https:\/\/luciaschwalenberg.de\/sv\/wp-json\/wp\/v2\/posts\/6229\/revisions"}],"wp:featuredmedia":[{"embeddable":true,"href":"https:\/\/luciaschwalenberg.de\/sv\/wp-json\/wp\/v2\/media\/6230"}],"wp:attachment":[{"href":"https:\/\/luciaschwalenberg.de\/sv\/wp-json\/wp\/v2\/media?parent=6229"}],"wp:term":[{"taxonomy":"category","embeddable":true,"href":"https:\/\/luciaschwalenberg.de\/sv\/wp-json\/wp\/v2\/categories?post=6229"},{"taxonomy":"post_tag","embeddable":true,"href":"https:\/\/luciaschwalenberg.de\/sv\/wp-json\/wp\/v2\/tags?post=6229"}],"curies":[{"name":"wp","href":"https:\/\/api.w.org\/{rel}","templated":true}]}}