{"id":6404,"date":"2022-02-17T12:15:17","date_gmt":"2022-02-17T11:15:17","guid":{"rendered":"https:\/\/luciaschwalenberg.de\/?p=6404"},"modified":"2022-02-17T12:15:17","modified_gmt":"2022-02-17T11:15:17","slug":"soutien-au-projet-de-these","status":"publish","type":"post","link":"https:\/\/luciaschwalenberg.de\/fr\/soutien-au-projet-de-these\/","title":{"rendered":"Soutien \u00e0 un projet de th\u00e8se"},"content":{"rendered":"<p style=\"font-weight: 400;\">Sous la devise \"Nous donnons des ailes aux id\u00e9es\", l'association universitaire d'Osnabr\u00fcck soutient la rel\u00e8ve acad\u00e9mique et les projets de recherche. Dans le domaine de la cr\u00e9ation textile, la soci\u00e9t\u00e9 universitaire soutient le projet de th\u00e8se \"Beiderwandweberei Meldorf als textiler Erinnerungsort\". Le projet de th\u00e8se de Lucia Schwalenberg, sous la direction de la Prof. <!--more-->l'histoire et le tr\u00e9sor d'\u00e9chantillons du mus\u00e9e du tissage de Meldorf.<\/p>\n<p style=\"font-weight: 400;\">Cet atelier de tissage de la double toile est constitu\u00e9 d'un tr\u00e9sor d'\u00e9chantillons qui s'est d\u00e9velopp\u00e9 au cours de l'histoire et qui comprend des parcours de cartes jacquard complexes, des m\u00e9tiers \u00e0 tisser, des machines et des appareils historiques ainsi que des archives de dessins de tissus et d'\u00e9chantillons. Le Beiderwand est une technique de tissage complexe avec des motifs imag\u00e9s, pour laquelle on utilise des m\u00e9tiers \u00e0 tisser Jacquard. L'objectif de la cr\u00e9ation de l'atelier-mus\u00e9e \u00e0 Meldorf \u00e9tait de pr\u00e9server et de transmettre le savoir de la technique complexe du tissage. L'analyse des sources relatives \u00e0 la cr\u00e9ation des ateliers du mus\u00e9e, des archives d'\u00e9chantillons et des appareils techniques est au centre du projet de recherche.<\/p>\n<p style=\"font-weight: 400;\">L'objectif est de montrer la pertinence et le potentiel de ce tissage mus\u00e9al pour la transmission de la culture textile. Il s'agit essentiellement de montrer si et comment les lieux de m\u00e9moire textiles contribuent au maintien, \u00e0 la transmission et \u00e0 l'avenir de la culture et du savoir textiles.<\/p>\n<p style=\"font-weight: 400;\">Osnabr\u00fcck a une forte relation avec l'histoire du textile, gr\u00e2ce \u00e0 son histoire en tant qu'usine de lin et son voisinage avec la r\u00e9gion des drapiers de Bramsche. L'universit\u00e9 dispose d'un excellent \u00e9quipement technique dans le domaine de la cr\u00e9ation textile, dont font partie - de mani\u00e8re unique en Allemagne pour un domaine de formation au m\u00e9tier d'enseignant - un jacquard historique \u00e0 cartes perfor\u00e9es, y compris une machine \u00e0 battre les cartes, ainsi que la toute derni\u00e8re technologie du jacquard num\u00e9rique.<\/p>\n<p style=\"font-weight: 400;\">Nous remercions vivement l'association universitaire d'Osnabr\u00fcck d'avoir accept\u00e9 notre demande de subvention pour les recherches d'archives dans le cadre de ce projet de th\u00e8se.<\/p>","protected":false},"excerpt":{"rendered":"<p>Sous la devise \"Nous donnons des ailes aux id\u00e9es\", l'association universitaire d'Osnabr\u00fcck soutient la rel\u00e8ve acad\u00e9mique et les projets de recherche. Dans le domaine de la cr\u00e9ation textile, la soci\u00e9t\u00e9 universitaire soutient le projet de th\u00e8se \"Beiderwandweberei Meldorf als textiler Erinnerungsort\". Le projet de th\u00e8se de Lucia Schwalenberg, sous la direction de la Prof.<\/p>","protected":false},"author":1,"featured_media":6405,"comment_status":"open","ping_status":"open","sticky":false,"template":"","format":"standard","meta":{"_acf_changed":false,"footnotes":""},"categories":[1],"tags":[],"class_list":["post-6404","post","type-post","status-publish","format-standard","has-post-thumbnail","hentry","category-allgemein"],"acf":[],"yoast_head":"<!-- This site is optimized with the Yoast SEO plugin v25.6 - https:\/\/yoast.com\/wordpress\/plugins\/seo\/ -->\n<title>F\u00f6rderung f\u00fcr Dissertationsprojekt - Lucia Schwalenberg<\/title>\n<meta name=\"description\" content=\"Unter dem Leitgedanken &quot;Wir befl\u00fcgeln Ideen&quot; unterst\u00fctzt die Universit\u00e4tsgesellschaft Osnabr\u00fcck e. V. akademischen Nachwuchs und Forschungsprojekte. Im\" \/>\n<meta name=\"robots\" content=\"index, follow, max-snippet:-1, max-image-preview:large, max-video-preview:-1\" \/>\n<link rel=\"canonical\" href=\"https:\/\/luciaschwalenberg.de\/fr\/soutien-au-projet-de-these\/\" \/>\n<meta property=\"og:locale\" content=\"fr_FR\" \/>\n<meta property=\"og:type\" content=\"article\" \/>\n<meta property=\"og:title\" content=\"F\u00f6rderung f\u00fcr Dissertationsprojekt - Lucia Schwalenberg\" \/>\n<meta property=\"og:description\" content=\"Unter dem Leitgedanken &quot;Wir befl\u00fcgeln Ideen&quot; unterst\u00fctzt die Universit\u00e4tsgesellschaft Osnabr\u00fcck e. V. akademischen Nachwuchs und Forschungsprojekte. Im\" \/>\n<meta property=\"og:url\" content=\"https:\/\/luciaschwalenberg.de\/fr\/soutien-au-projet-de-these\/\" \/>\n<meta property=\"og:site_name\" content=\"Lucia Schwalenberg\" \/>\n<meta property=\"article:publisher\" content=\"https:\/\/www.facebook.com\/webereiluciaschwalenberg\" \/>\n<meta property=\"article:author\" content=\"https:\/\/www.facebook.com\/webereiluciaschwalenberg\" \/>\n<meta property=\"article:published_time\" content=\"2022-02-17T11:15:17+00:00\" \/>\n<meta property=\"og:image\" content=\"https:\/\/luciaschwalenberg.de\/wp-content\/uploads\/universitaetsgesellschaft-quadrat.jpg\" \/>\n\t<meta property=\"og:image:width\" content=\"1088\" \/>\n\t<meta property=\"og:image:height\" content=\"1088\" \/>\n\t<meta property=\"og:image:type\" content=\"image\/jpeg\" \/>\n<meta name=\"author\" content=\"Lucia Schwalenberg\" \/>\n<meta name=\"twitter:card\" content=\"summary_large_image\" \/>\n<meta name=\"twitter:creator\" content=\"@luciaweberei\" \/>\n<meta name=\"twitter:site\" content=\"@luciaweberei\" \/>\n<meta name=\"twitter:label1\" content=\"\u00c9crit par\" \/>\n\t<meta name=\"twitter:data1\" content=\"Lucia Schwalenberg\" \/>\n\t<meta name=\"twitter:label2\" content=\"Dur\u00e9e de lecture estim\u00e9e\" \/>\n\t<meta name=\"twitter:data2\" content=\"2 minutes\" \/>\n<script type=\"application\/ld+json\" class=\"yoast-schema-graph\">{\"@context\":\"https:\/\/schema.org\",\"@graph\":[{\"@type\":\"Article\",\"@id\":\"https:\/\/luciaschwalenberg.de\/foerderung-fuer-dissertationsprojekt\/#article\",\"isPartOf\":{\"@id\":\"https:\/\/luciaschwalenberg.de\/foerderung-fuer-dissertationsprojekt\/\"},\"author\":{\"name\":\"Lucia Schwalenberg\",\"@id\":\"https:\/\/luciaschwalenberg.de\/#\/schema\/person\/8b25331a7277074af9aba4e01fb5f9e3\"},\"headline\":\"F\u00f6rderung f\u00fcr Dissertationsprojekt\",\"datePublished\":\"2022-02-17T11:15:17+00:00\",\"mainEntityOfPage\":{\"@id\":\"https:\/\/luciaschwalenberg.de\/foerderung-fuer-dissertationsprojekt\/\"},\"wordCount\":271,\"commentCount\":0,\"publisher\":{\"@id\":\"https:\/\/luciaschwalenberg.de\/#organization\"},\"image\":{\"@id\":\"https:\/\/luciaschwalenberg.de\/foerderung-fuer-dissertationsprojekt\/#primaryimage\"},\"thumbnailUrl\":\"https:\/\/luciaschwalenberg.de\/wp-content\/uploads\/universitaetsgesellschaft-quadrat.jpg\",\"articleSection\":[\"Allgemein\"],\"inLanguage\":\"fr-FR\",\"potentialAction\":[{\"@type\":\"CommentAction\",\"name\":\"Comment\",\"target\":[\"https:\/\/luciaschwalenberg.de\/foerderung-fuer-dissertationsprojekt\/#respond\"]}]},{\"@type\":\"WebPage\",\"@id\":\"https:\/\/luciaschwalenberg.de\/foerderung-fuer-dissertationsprojekt\/\",\"url\":\"https:\/\/luciaschwalenberg.de\/foerderung-fuer-dissertationsprojekt\/\",\"name\":\"F\u00f6rderung f\u00fcr Dissertationsprojekt - Lucia Schwalenberg\",\"isPartOf\":{\"@id\":\"https:\/\/luciaschwalenberg.de\/#website\"},\"primaryImageOfPage\":{\"@id\":\"https:\/\/luciaschwalenberg.de\/foerderung-fuer-dissertationsprojekt\/#primaryimage\"},\"image\":{\"@id\":\"https:\/\/luciaschwalenberg.de\/foerderung-fuer-dissertationsprojekt\/#primaryimage\"},\"thumbnailUrl\":\"https:\/\/luciaschwalenberg.de\/wp-content\/uploads\/universitaetsgesellschaft-quadrat.jpg\",\"datePublished\":\"2022-02-17T11:15:17+00:00\",\"description\":\"Unter dem Leitgedanken \\\"Wir befl\u00fcgeln Ideen\\\" unterst\u00fctzt die Universit\u00e4tsgesellschaft Osnabr\u00fcck e. V. akademischen Nachwuchs und Forschungsprojekte. Im\",\"breadcrumb\":{\"@id\":\"https:\/\/luciaschwalenberg.de\/foerderung-fuer-dissertationsprojekt\/#breadcrumb\"},\"inLanguage\":\"fr-FR\",\"potentialAction\":[{\"@type\":\"ReadAction\",\"target\":[\"https:\/\/luciaschwalenberg.de\/foerderung-fuer-dissertationsprojekt\/\"]}]},{\"@type\":\"ImageObject\",\"inLanguage\":\"fr-FR\",\"@id\":\"https:\/\/luciaschwalenberg.de\/foerderung-fuer-dissertationsprojekt\/#primaryimage\",\"url\":\"https:\/\/luciaschwalenberg.de\/wp-content\/uploads\/universitaetsgesellschaft-quadrat.jpg\",\"contentUrl\":\"https:\/\/luciaschwalenberg.de\/wp-content\/uploads\/universitaetsgesellschaft-quadrat.jpg\",\"width\":1088,\"height\":1088},{\"@type\":\"BreadcrumbList\",\"@id\":\"https:\/\/luciaschwalenberg.de\/foerderung-fuer-dissertationsprojekt\/#breadcrumb\",\"itemListElement\":[{\"@type\":\"ListItem\",\"position\":1,\"name\":\"Home\",\"item\":\"https:\/\/luciaschwalenberg.de\/\"},{\"@type\":\"ListItem\",\"position\":2,\"name\":\"F\u00f6rderung f\u00fcr Dissertationsprojekt\"}]},{\"@type\":\"WebSite\",\"@id\":\"https:\/\/luciaschwalenberg.de\/#website\",\"url\":\"https:\/\/luciaschwalenberg.de\/\",\"name\":\"Lucia Schwalenberg\",\"description\":\"WEBEREI &amp; TEXTILDESIGN\",\"publisher\":{\"@id\":\"https:\/\/luciaschwalenberg.de\/#organization\"},\"potentialAction\":[{\"@type\":\"SearchAction\",\"target\":{\"@type\":\"EntryPoint\",\"urlTemplate\":\"https:\/\/luciaschwalenberg.de\/?s={search_term_string}\"},\"query-input\":{\"@type\":\"PropertyValueSpecification\",\"valueRequired\":true,\"valueName\":\"search_term_string\"}}],\"inLanguage\":\"fr-FR\"},{\"@type\":\"Organization\",\"@id\":\"https:\/\/luciaschwalenberg.de\/#organization\",\"name\":\"Weberei und Textildesign Lucia Schwalenberg\",\"url\":\"https:\/\/luciaschwalenberg.de\/\",\"logo\":{\"@type\":\"ImageObject\",\"inLanguage\":\"fr-FR\",\"@id\":\"https:\/\/luciaschwalenberg.de\/#\/schema\/logo\/image\/\",\"url\":\"https:\/\/luciaschwalenberg.de\/wp-content\/uploads\/logo-alt-lucia4.png\",\"contentUrl\":\"https:\/\/luciaschwalenberg.de\/wp-content\/uploads\/logo-alt-lucia4.png\",\"width\":246,\"height\":169,\"caption\":\"Weberei und Textildesign Lucia Schwalenberg\"},\"image\":{\"@id\":\"https:\/\/luciaschwalenberg.de\/#\/schema\/logo\/image\/\"},\"sameAs\":[\"https:\/\/www.facebook.com\/webereiluciaschwalenberg\",\"https:\/\/x.com\/luciaweberei\"]},{\"@type\":\"Person\",\"@id\":\"https:\/\/luciaschwalenberg.de\/#\/schema\/person\/8b25331a7277074af9aba4e01fb5f9e3\",\"name\":\"Lucia Schwalenberg\",\"image\":{\"@type\":\"ImageObject\",\"inLanguage\":\"fr-FR\",\"@id\":\"https:\/\/luciaschwalenberg.de\/#\/schema\/person\/image\/\",\"url\":\"https:\/\/secure.gravatar.com\/avatar\/ebce0e46391441d9f3e46922237621004cb05f3142ac8478760b0ce513f907c8?s=96&d=mm&r=g\",\"contentUrl\":\"https:\/\/secure.gravatar.com\/avatar\/ebce0e46391441d9f3e46922237621004cb05f3142ac8478760b0ce513f907c8?s=96&d=mm&r=g\",\"caption\":\"Lucia Schwalenberg\"},\"sameAs\":[\"https:\/\/luciaschwalenberg.de\",\"https:\/\/www.facebook.com\/webereiluciaschwalenberg\",\"https:\/\/x.com\/luciaweberei\"]}]}<\/script>\n<!-- \/ Yoast SEO plugin. -->","yoast_head_json":{"title":"Soutien pour un projet de th\u00e8se - Lucia Schwalenberg","description":"Sous la devise \"Nous donnons des ailes aux id\u00e9es\", l'association Universit\u00e4tsgesellschaft Osnabr\u00fcck e. V. soutient la rel\u00e8ve acad\u00e9mique et les projets de recherche. Dans le","robots":{"index":"index","follow":"follow","max-snippet":"max-snippet:-1","max-image-preview":"max-image-preview:large","max-video-preview":"max-video-preview:-1"},"canonical":"https:\/\/luciaschwalenberg.de\/fr\/soutien-au-projet-de-these\/","og_locale":"fr_FR","og_type":"article","og_title":"F\u00f6rderung f\u00fcr Dissertationsprojekt - Lucia Schwalenberg","og_description":"Unter dem Leitgedanken \"Wir befl\u00fcgeln Ideen\" unterst\u00fctzt die Universit\u00e4tsgesellschaft Osnabr\u00fcck e. V. akademischen Nachwuchs und Forschungsprojekte. Im","og_url":"https:\/\/luciaschwalenberg.de\/fr\/soutien-au-projet-de-these\/","og_site_name":"Lucia Schwalenberg","article_publisher":"https:\/\/www.facebook.com\/webereiluciaschwalenberg","article_author":"https:\/\/www.facebook.com\/webereiluciaschwalenberg","article_published_time":"2022-02-17T11:15:17+00:00","og_image":[{"width":1088,"height":1088,"url":"https:\/\/luciaschwalenberg.de\/wp-content\/uploads\/universitaetsgesellschaft-quadrat.jpg","type":"image\/jpeg"}],"author":"Lucia Schwalenberg","twitter_card":"summary_large_image","twitter_creator":"@luciaweberei","twitter_site":"@luciaweberei","twitter_misc":{"\u00c9crit par":"Lucia Schwalenberg","Dur\u00e9e de lecture estim\u00e9e":"2 minutes"},"schema":{"@context":"https:\/\/schema.org","@graph":[{"@type":"Article","@id":"https:\/\/luciaschwalenberg.de\/foerderung-fuer-dissertationsprojekt\/#article","isPartOf":{"@id":"https:\/\/luciaschwalenberg.de\/foerderung-fuer-dissertationsprojekt\/"},"author":{"name":"Lucia Schwalenberg","@id":"https:\/\/luciaschwalenberg.de\/#\/schema\/person\/8b25331a7277074af9aba4e01fb5f9e3"},"headline":"F\u00f6rderung f\u00fcr Dissertationsprojekt","datePublished":"2022-02-17T11:15:17+00:00","mainEntityOfPage":{"@id":"https:\/\/luciaschwalenberg.de\/foerderung-fuer-dissertationsprojekt\/"},"wordCount":271,"commentCount":0,"publisher":{"@id":"https:\/\/luciaschwalenberg.de\/#organization"},"image":{"@id":"https:\/\/luciaschwalenberg.de\/foerderung-fuer-dissertationsprojekt\/#primaryimage"},"thumbnailUrl":"https:\/\/luciaschwalenberg.de\/wp-content\/uploads\/universitaetsgesellschaft-quadrat.jpg","articleSection":["Allgemein"],"inLanguage":"fr-FR","potentialAction":[{"@type":"CommentAction","name":"Comment","target":["https:\/\/luciaschwalenberg.de\/foerderung-fuer-dissertationsprojekt\/#respond"]}]},{"@type":"WebPage","@id":"https:\/\/luciaschwalenberg.de\/foerderung-fuer-dissertationsprojekt\/","url":"https:\/\/luciaschwalenberg.de\/foerderung-fuer-dissertationsprojekt\/","name":"Soutien pour un projet de th\u00e8se - Lucia Schwalenberg","isPartOf":{"@id":"https:\/\/luciaschwalenberg.de\/#website"},"primaryImageOfPage":{"@id":"https:\/\/luciaschwalenberg.de\/foerderung-fuer-dissertationsprojekt\/#primaryimage"},"image":{"@id":"https:\/\/luciaschwalenberg.de\/foerderung-fuer-dissertationsprojekt\/#primaryimage"},"thumbnailUrl":"https:\/\/luciaschwalenberg.de\/wp-content\/uploads\/universitaetsgesellschaft-quadrat.jpg","datePublished":"2022-02-17T11:15:17+00:00","description":"Sous la devise \"Nous donnons des ailes aux id\u00e9es\", l'association Universit\u00e4tsgesellschaft Osnabr\u00fcck e. V. soutient la rel\u00e8ve acad\u00e9mique et les projets de recherche. Dans le","breadcrumb":{"@id":"https:\/\/luciaschwalenberg.de\/foerderung-fuer-dissertationsprojekt\/#breadcrumb"},"inLanguage":"fr-FR","potentialAction":[{"@type":"ReadAction","target":["https:\/\/luciaschwalenberg.de\/foerderung-fuer-dissertationsprojekt\/"]}]},{"@type":"ImageObject","inLanguage":"fr-FR","@id":"https:\/\/luciaschwalenberg.de\/foerderung-fuer-dissertationsprojekt\/#primaryimage","url":"https:\/\/luciaschwalenberg.de\/wp-content\/uploads\/universitaetsgesellschaft-quadrat.jpg","contentUrl":"https:\/\/luciaschwalenberg.de\/wp-content\/uploads\/universitaetsgesellschaft-quadrat.jpg","width":1088,"height":1088},{"@type":"BreadcrumbList","@id":"https:\/\/luciaschwalenberg.de\/foerderung-fuer-dissertationsprojekt\/#breadcrumb","itemListElement":[{"@type":"ListItem","position":1,"name":"Home","item":"https:\/\/luciaschwalenberg.de\/"},{"@type":"ListItem","position":2,"name":"F\u00f6rderung f\u00fcr Dissertationsprojekt"}]},{"@type":"WebSite","@id":"https:\/\/luciaschwalenberg.de\/#website","url":"https:\/\/luciaschwalenberg.de\/","name":"Lucia Schwalenberg","description":"TISSAGE &amp; DESIGN TEXTILE","publisher":{"@id":"https:\/\/luciaschwalenberg.de\/#organization"},"potentialAction":[{"@type":"SearchAction","target":{"@type":"EntryPoint","urlTemplate":"https:\/\/luciaschwalenberg.de\/?s={search_term_string}"},"query-input":{"@type":"PropertyValueSpecification","valueRequired":true,"valueName":"search_term_string"}}],"inLanguage":"fr-FR"},{"@type":"Organization","@id":"https:\/\/luciaschwalenberg.de\/#organization","name":"Tissage et design textile Lucia Schwalenberg","url":"https:\/\/luciaschwalenberg.de\/","logo":{"@type":"ImageObject","inLanguage":"fr-FR","@id":"https:\/\/luciaschwalenberg.de\/#\/schema\/logo\/image\/","url":"https:\/\/luciaschwalenberg.de\/wp-content\/uploads\/logo-alt-lucia4.png","contentUrl":"https:\/\/luciaschwalenberg.de\/wp-content\/uploads\/logo-alt-lucia4.png","width":246,"height":169,"caption":"Weberei und Textildesign Lucia Schwalenberg"},"image":{"@id":"https:\/\/luciaschwalenberg.de\/#\/schema\/logo\/image\/"},"sameAs":["https:\/\/www.facebook.com\/webereiluciaschwalenberg","https:\/\/x.com\/luciaweberei"]},{"@type":"Person","@id":"https:\/\/luciaschwalenberg.de\/#\/schema\/person\/8b25331a7277074af9aba4e01fb5f9e3","name":"Lucia Schwalenberg","image":{"@type":"ImageObject","inLanguage":"fr-FR","@id":"https:\/\/luciaschwalenberg.de\/#\/schema\/person\/image\/","url":"https:\/\/secure.gravatar.com\/avatar\/ebce0e46391441d9f3e46922237621004cb05f3142ac8478760b0ce513f907c8?s=96&d=mm&r=g","contentUrl":"https:\/\/secure.gravatar.com\/avatar\/ebce0e46391441d9f3e46922237621004cb05f3142ac8478760b0ce513f907c8?s=96&d=mm&r=g","caption":"Lucia Schwalenberg"},"sameAs":["https:\/\/luciaschwalenberg.de","https:\/\/www.facebook.com\/webereiluciaschwalenberg","https:\/\/x.com\/luciaweberei"]}]}},"_links":{"self":[{"href":"https:\/\/luciaschwalenberg.de\/fr\/wp-json\/wp\/v2\/posts\/6404","targetHints":{"allow":["GET"]}}],"collection":[{"href":"https:\/\/luciaschwalenberg.de\/fr\/wp-json\/wp\/v2\/posts"}],"about":[{"href":"https:\/\/luciaschwalenberg.de\/fr\/wp-json\/wp\/v2\/types\/post"}],"author":[{"embeddable":true,"href":"https:\/\/luciaschwalenberg.de\/fr\/wp-json\/wp\/v2\/users\/1"}],"replies":[{"embeddable":true,"href":"https:\/\/luciaschwalenberg.de\/fr\/wp-json\/wp\/v2\/comments?post=6404"}],"version-history":[{"count":0,"href":"https:\/\/luciaschwalenberg.de\/fr\/wp-json\/wp\/v2\/posts\/6404\/revisions"}],"wp:featuredmedia":[{"embeddable":true,"href":"https:\/\/luciaschwalenberg.de\/fr\/wp-json\/wp\/v2\/media\/6405"}],"wp:attachment":[{"href":"https:\/\/luciaschwalenberg.de\/fr\/wp-json\/wp\/v2\/media?parent=6404"}],"wp:term":[{"taxonomy":"category","embeddable":true,"href":"https:\/\/luciaschwalenberg.de\/fr\/wp-json\/wp\/v2\/categories?post=6404"},{"taxonomy":"post_tag","embeddable":true,"href":"https:\/\/luciaschwalenberg.de\/fr\/wp-json\/wp\/v2\/tags?post=6404"}],"curies":[{"name":"wp","href":"https:\/\/api.w.org\/{rel}","templated":true}]}}