{"id":5992,"date":"2019-12-31T01:40:03","date_gmt":"2019-12-31T00:40:03","guid":{"rendered":"https:\/\/luciaschwalenberg.de\/?p=5992"},"modified":"2020-06-25T18:28:08","modified_gmt":"2020-06-25T16:28:08","slug":"historico-molino-de-tejer-meldorf","status":"publish","type":"post","link":"https:\/\/luciaschwalenberg.de\/es\/historico-molino-de-tejer-meldorf\/","title":{"rendered":"Hist\u00f3rica tejedur\u00eda de doble pared Meldorf"},"content":{"rendered":"<p>Desarrollo de colecciones a partir de un tesoro de muestras hist\u00f3ricas<\/p>\n<p>En el aut\u00e9ntico complejo de edificios de la Antigua Pastorada de Meldorf, la Fundaci\u00f3n Mensch cuenta con una tejedur\u00eda \u00fanica en Alemania. Una parte de la tejedur\u00eda es un tesoro hist\u00f3rico de patrones<!--more--> con complejas tiradas de cardas jacquard, telares y todo el equipo necesario, como urdidores y cardadores. La operaci\u00f3n se lleva a cabo con personal supervisado. El dise\u00f1o de la producci\u00f3n se basa en patrones hist\u00f3ricos. El n\u00facleo del desarrollo de la colecci\u00f3n es: Inventario del archivo de muestras, selecci\u00f3n de muestras relevantes para la producci\u00f3n, compilaci\u00f3n de una gama de productos coherente, desarrollo de un concepto de color, consideraci\u00f3n de las existencias de material y, en caso necesario, investigaci\u00f3n de las fuentes de suministro actuales, as\u00ed como la reestructuraci\u00f3n del taller.<\/p>\n<p>Se ha publicado un folleto sobre el proyecto.<\/p>\n<p><a href=\"https:\/\/luciaschwalenberg.de\/wp-content\/uploads\/beiderwandweberei-meldorf-webversion.pdf\">F\u00e1brica de tejidos Beiderwand Meldorf<\/a><\/p>\n<div id='gallery-1' class='gallery galleryid-5992 gallery-columns-3 gallery-size-full'><figure class='gallery-item'>\n\t\t\t<div class='gallery-icon landscape'>\n\t\t\t\t<a href='https:\/\/luciaschwalenberg.de\/wp-content\/uploads\/dsc07562.jpg'><img loading=\"lazy\" decoding=\"async\" width=\"811\" height=\"700\" src=\"https:\/\/luciaschwalenberg.de\/wp-content\/uploads\/dsc07562.jpg\" class=\"attachment-full size-full\" alt=\"\" srcset=\"https:\/\/luciaschwalenberg.de\/wp-content\/uploads\/dsc07562.jpg 811w, https:\/\/luciaschwalenberg.de\/wp-content\/uploads\/dsc07562-600x518.jpg 600w, https:\/\/luciaschwalenberg.de\/wp-content\/uploads\/dsc07562-300x259.jpg 300w, https:\/\/luciaschwalenberg.de\/wp-content\/uploads\/dsc07562-768x663.jpg 768w, https:\/\/luciaschwalenberg.de\/wp-content\/uploads\/dsc07562-660x570.jpg 660w, https:\/\/luciaschwalenberg.de\/wp-content\/uploads\/dsc07562-174x150.jpg 174w, https:\/\/luciaschwalenberg.de\/wp-content\/uploads\/dsc07562-302x261.jpg 302w\" sizes=\"auto, (max-width: 811px) 100vw, 811px\" \/><\/a>\n\t\t\t<\/div><\/figure><figure class='gallery-item'>\n\t\t\t<div class='gallery-icon landscape'>\n\t\t\t\t<a href='https:\/\/luciaschwalenberg.de\/wp-content\/uploads\/lucia3.jpg'><img loading=\"lazy\" decoding=\"async\" width=\"300\" height=\"200\" src=\"https:\/\/luciaschwalenberg.de\/wp-content\/uploads\/lucia3.jpg\" class=\"attachment-full size-full\" alt=\"\" aria-describedby=\"gallery-1-2330\" srcset=\"https:\/\/luciaschwalenberg.de\/wp-content\/uploads\/lucia3.jpg 300w, https:\/\/luciaschwalenberg.de\/wp-content\/uploads\/lucia3-200x133.jpg 200w\" sizes=\"auto, (max-width: 300px) 100vw, 300px\" \/><\/a>\n\t\t\t<\/div>\n\t\t\t\t<figcaption class='wp-caption-text gallery-caption' id='gallery-1-2330'>\n\t\t\t\tCaminos de mesa. Leinen, 45 \u00d7 150 cm \/ Caminos de mesa, lino. Fotos Heiko Preller\n\t\t\t\t<\/figcaption><\/figure><figure class='gallery-item'>\n\t\t\t<div class='gallery-icon landscape'>\n\t\t\t\t<a href='https:\/\/luciaschwalenberg.de\/wp-content\/uploads\/biografie-post.jpg'><img loading=\"lazy\" decoding=\"async\" width=\"825\" height=\"510\" src=\"https:\/\/luciaschwalenberg.de\/wp-content\/uploads\/biografie-post.jpg\" class=\"attachment-full size-full\" alt=\"\" srcset=\"https:\/\/luciaschwalenberg.de\/wp-content\/uploads\/biografie-post.jpg 825w, https:\/\/luciaschwalenberg.de\/wp-content\/uploads\/biografie-post-600x371.jpg 600w, https:\/\/luciaschwalenberg.de\/wp-content\/uploads\/biografie-post-300x185.jpg 300w, https:\/\/luciaschwalenberg.de\/wp-content\/uploads\/biografie-post-660x408.jpg 660w, https:\/\/luciaschwalenberg.de\/wp-content\/uploads\/biografie-post-200x124.jpg 200w, https:\/\/luciaschwalenberg.de\/wp-content\/uploads\/biografie-post-422x261.jpg 422w\" sizes=\"auto, (max-width: 825px) 100vw, 825px\" \/><\/a>\n\t\t\t<\/div><\/figure><figure class='gallery-item'>\n\t\t\t<div class='gallery-icon landscape'>\n\t\t\t\t<a href='https:\/\/luciaschwalenberg.de\/wp-content\/uploads\/lucia1.jpg'><img loading=\"lazy\" decoding=\"async\" width=\"300\" height=\"200\" src=\"https:\/\/luciaschwalenberg.de\/wp-content\/uploads\/lucia1.jpg\" class=\"attachment-full size-full\" alt=\"\" aria-describedby=\"gallery-1-2328\" srcset=\"https:\/\/luciaschwalenberg.de\/wp-content\/uploads\/lucia1.jpg 300w, https:\/\/luciaschwalenberg.de\/wp-content\/uploads\/lucia1-200x133.jpg 200w\" sizes=\"auto, (max-width: 300px) 100vw, 300px\" \/><\/a>\n\t\t\t<\/div>\n\t\t\t\t<figcaption class='wp-caption-text gallery-caption' id='gallery-1-2328'>\n\t\t\t\tCaminos de mesa. Leinen, 45 \u00d7 150 cm \/ Caminos de mesa, lino. Fotos Heiko Preller\n\t\t\t\t<\/figcaption><\/figure><figure class='gallery-item'>\n\t\t\t<div class='gallery-icon landscape'>\n\t\t\t\t<a href='https:\/\/luciaschwalenberg.de\/wp-content\/uploads\/lucia4.jpg'><img loading=\"lazy\" decoding=\"async\" width=\"300\" height=\"200\" src=\"https:\/\/luciaschwalenberg.de\/wp-content\/uploads\/lucia4.jpg\" class=\"attachment-full size-full\" alt=\"\" aria-describedby=\"gallery-1-2331\" srcset=\"https:\/\/luciaschwalenberg.de\/wp-content\/uploads\/lucia4.jpg 300w, https:\/\/luciaschwalenberg.de\/wp-content\/uploads\/lucia4-200x133.jpg 200w\" sizes=\"auto, (max-width: 300px) 100vw, 300px\" \/><\/a>\n\t\t\t<\/div>\n\t\t\t\t<figcaption class='wp-caption-text gallery-caption' id='gallery-1-2331'>\n\t\t\t\tCaminos de mesa. Leinen, 45 \u00d7 150 cm \/ Caminos de mesa, lino. Fotos Heiko Preller\n\t\t\t\t<\/figcaption><\/figure><figure class='gallery-item'>\n\t\t\t<div class='gallery-icon landscape'>\n\t\t\t\t<a href='https:\/\/luciaschwalenberg.de\/wp-content\/uploads\/lucia2.jpg'><img loading=\"lazy\" decoding=\"async\" width=\"300\" height=\"200\" src=\"https:\/\/luciaschwalenberg.de\/wp-content\/uploads\/lucia2.jpg\" class=\"attachment-full size-full\" alt=\"\" aria-describedby=\"gallery-1-2329\" srcset=\"https:\/\/luciaschwalenberg.de\/wp-content\/uploads\/lucia2.jpg 300w, https:\/\/luciaschwalenberg.de\/wp-content\/uploads\/lucia2-200x133.jpg 200w\" sizes=\"auto, (max-width: 300px) 100vw, 300px\" \/><\/a>\n\t\t\t<\/div>\n\t\t\t\t<figcaption class='wp-caption-text gallery-caption' id='gallery-1-2329'>\n\t\t\t\tCaminos de mesa. Leinen, 45 \u00d7 150 cm \/ Caminos de mesa, lino. Fotos Heiko Preller\n\t\t\t\t<\/figcaption><\/figure><figure class='gallery-item'>\n\t\t\t<div class='gallery-icon landscape'>\n\t\t\t\t<a href='https:\/\/luciaschwalenberg.de\/wp-content\/uploads\/schwalenberg-kleinere-version-e1430740472550.jpg'><img loading=\"lazy\" decoding=\"async\" width=\"1127\" height=\"1009\" src=\"https:\/\/luciaschwalenberg.de\/wp-content\/uploads\/schwalenberg-kleinere-version-e1430740472550.jpg\" class=\"attachment-full size-full\" alt=\"\" srcset=\"https:\/\/luciaschwalenberg.de\/wp-content\/uploads\/schwalenberg-kleinere-version-e1430740472550.jpg 1127w, https:\/\/luciaschwalenberg.de\/wp-content\/uploads\/schwalenberg-kleinere-version-e1430740472550-600x537.jpg 600w, https:\/\/luciaschwalenberg.de\/wp-content\/uploads\/schwalenberg-kleinere-version-e1430740472550-300x269.jpg 300w, https:\/\/luciaschwalenberg.de\/wp-content\/uploads\/schwalenberg-kleinere-version-e1430740472550-1024x917.jpg 1024w, https:\/\/luciaschwalenberg.de\/wp-content\/uploads\/schwalenberg-kleinere-version-e1430740472550-660x591.jpg 660w, https:\/\/luciaschwalenberg.de\/wp-content\/uploads\/schwalenberg-kleinere-version-e1430740472550-168x150.jpg 168w, https:\/\/luciaschwalenberg.de\/wp-content\/uploads\/schwalenberg-kleinere-version-e1430740472550-292x261.jpg 292w\" sizes=\"auto, (max-width: 1127px) 100vw, 1127px\" \/><\/a>\n\t\t\t<\/div><\/figure><figure class='gallery-item'>\n\t\t\t<div class='gallery-icon landscape'>\n\t\t\t\t<a href='https:\/\/luciaschwalenberg.de\/wp-content\/uploads\/schwalenberg-kleinere-version-e1430740472550.jpg'><img loading=\"lazy\" decoding=\"async\" width=\"1127\" height=\"1009\" src=\"https:\/\/luciaschwalenberg.de\/wp-content\/uploads\/schwalenberg-kleinere-version-e1430740472550.jpg\" class=\"attachment-full size-full\" alt=\"Lucia Schwalenberg\" srcset=\"https:\/\/luciaschwalenberg.de\/wp-content\/uploads\/schwalenberg-kleinere-version-e1430740472550.jpg 1127w, https:\/\/luciaschwalenberg.de\/wp-content\/uploads\/schwalenberg-kleinere-version-e1430740472550-600x537.jpg 600w, https:\/\/luciaschwalenberg.de\/wp-content\/uploads\/schwalenberg-kleinere-version-e1430740472550-300x269.jpg 300w, https:\/\/luciaschwalenberg.de\/wp-content\/uploads\/schwalenberg-kleinere-version-e1430740472550-1024x917.jpg 1024w, https:\/\/luciaschwalenberg.de\/wp-content\/uploads\/schwalenberg-kleinere-version-e1430740472550-660x591.jpg 660w, https:\/\/luciaschwalenberg.de\/wp-content\/uploads\/schwalenberg-kleinere-version-e1430740472550-168x150.jpg 168w, https:\/\/luciaschwalenberg.de\/wp-content\/uploads\/schwalenberg-kleinere-version-e1430740472550-292x261.jpg 292w\" sizes=\"auto, (max-width: 1127px) 100vw, 1127px\" \/><\/a>\n\t\t\t<\/div><\/figure><figure class='gallery-item'>\n\t\t\t<div class='gallery-icon landscape'>\n\t\t\t\t<a href='https:\/\/luciaschwalenberg.de\/wp-content\/uploads\/biografie-post-e1510928252858.jpg'><img loading=\"lazy\" decoding=\"async\" width=\"6\" height=\"6\" src=\"https:\/\/luciaschwalenberg.de\/wp-content\/uploads\/biografie-post-e1510928252858.jpg\" class=\"attachment-full size-full\" alt=\"Lucia Schwalenberg\" \/><\/a>\n\t\t\t<\/div><\/figure>\n\t\t<\/div>\n\n<p>&nbsp;<\/p>","protected":false},"excerpt":{"rendered":"<p>Desarrollo de colecciones a partir de un tesoro hist\u00f3rico de muestras La Fundaci\u00f3n Mensch posee una tejedur\u00eda alemana \u00fanica en el aut\u00e9ntico complejo de edificios de la Antigua Pastorada de Meldorf. Una parte de la tejedur\u00eda es un tesoro hist\u00f3rico de muestras.<\/p>","protected":false},"author":1,"featured_media":6089,"comment_status":"open","ping_status":"open","sticky":false,"template":"","format":"standard","meta":{"_acf_changed":false,"footnotes":""},"categories":[1],"tags":[],"class_list":["post-5992","post","type-post","status-publish","format-standard","has-post-thumbnail","hentry","category-allgemein"],"acf":[],"yoast_head":"<!-- This site is optimized with the Yoast SEO plugin v25.6 - https:\/\/yoast.com\/wordpress\/plugins\/seo\/ -->\n<title>Historische Beiderwand-Weberei Meldorf - Lucia Schwalenberg<\/title>\n<meta name=\"description\" content=\"Kollektionsentwicklung auf Basis eines historischen Musterschatzes Die Stiftung Mensch verf\u00fcgt im authentischen Geb\u00e4udekomplex des Alten Pastorats Meldorf\" \/>\n<meta name=\"robots\" content=\"index, follow, max-snippet:-1, max-image-preview:large, max-video-preview:-1\" \/>\n<link rel=\"canonical\" href=\"https:\/\/luciaschwalenberg.de\/es\/historico-molino-de-tejer-meldorf\/\" \/>\n<meta property=\"og:locale\" content=\"es_ES\" \/>\n<meta property=\"og:type\" content=\"article\" \/>\n<meta property=\"og:title\" content=\"Historische Beiderwand-Weberei Meldorf - Lucia Schwalenberg\" \/>\n<meta property=\"og:description\" content=\"Kollektionsentwicklung auf Basis eines historischen Musterschatzes Die Stiftung Mensch verf\u00fcgt im authentischen Geb\u00e4udekomplex des Alten Pastorats Meldorf\" \/>\n<meta property=\"og:url\" content=\"https:\/\/luciaschwalenberg.de\/es\/historico-molino-de-tejer-meldorf\/\" \/>\n<meta property=\"og:site_name\" content=\"Lucia Schwalenberg\" \/>\n<meta property=\"article:publisher\" content=\"https:\/\/www.facebook.com\/webereiluciaschwalenberg\" \/>\n<meta property=\"article:author\" content=\"https:\/\/www.facebook.com\/webereiluciaschwalenberg\" \/>\n<meta property=\"article:published_time\" content=\"2019-12-31T00:40:03+00:00\" \/>\n<meta property=\"article:modified_time\" content=\"2020-06-25T16:28:08+00:00\" \/>\n<meta property=\"og:image\" content=\"https:\/\/luciaschwalenberg.de\/wp-content\/uploads\/meldorf-433x433-2.jpg\" \/>\n\t<meta property=\"og:image:width\" content=\"433\" \/>\n\t<meta property=\"og:image:height\" content=\"446\" \/>\n\t<meta property=\"og:image:type\" content=\"image\/jpeg\" \/>\n<meta name=\"author\" content=\"Lucia Schwalenberg\" \/>\n<meta name=\"twitter:card\" content=\"summary_large_image\" \/>\n<meta name=\"twitter:creator\" content=\"@luciaweberei\" \/>\n<meta name=\"twitter:site\" content=\"@luciaweberei\" \/>\n<meta name=\"twitter:label1\" content=\"Escrito por\" \/>\n\t<meta name=\"twitter:data1\" content=\"Lucia Schwalenberg\" \/>\n\t<meta name=\"twitter:label2\" content=\"Tiempo de lectura\" \/>\n\t<meta name=\"twitter:data2\" content=\"1 minuto\" \/>\n<script type=\"application\/ld+json\" class=\"yoast-schema-graph\">{\"@context\":\"https:\/\/schema.org\",\"@graph\":[{\"@type\":\"Article\",\"@id\":\"https:\/\/luciaschwalenberg.de\/historische-beiderwand-weberei-meldorf\/#article\",\"isPartOf\":{\"@id\":\"https:\/\/luciaschwalenberg.de\/historische-beiderwand-weberei-meldorf\/\"},\"author\":{\"name\":\"Lucia Schwalenberg\",\"@id\":\"https:\/\/luciaschwalenberg.de\/#\/schema\/person\/8b25331a7277074af9aba4e01fb5f9e3\"},\"headline\":\"Historische Beiderwand-Weberei Meldorf\",\"datePublished\":\"2019-12-31T00:40:03+00:00\",\"dateModified\":\"2020-06-25T16:28:08+00:00\",\"mainEntityOfPage\":{\"@id\":\"https:\/\/luciaschwalenberg.de\/historische-beiderwand-weberei-meldorf\/\"},\"wordCount\":115,\"commentCount\":13,\"publisher\":{\"@id\":\"https:\/\/luciaschwalenberg.de\/#organization\"},\"image\":{\"@id\":\"https:\/\/luciaschwalenberg.de\/historische-beiderwand-weberei-meldorf\/#primaryimage\"},\"thumbnailUrl\":\"https:\/\/luciaschwalenberg.de\/wp-content\/uploads\/meldorf-433x433-2.jpg\",\"articleSection\":[\"Allgemein\"],\"inLanguage\":\"es\",\"potentialAction\":[{\"@type\":\"CommentAction\",\"name\":\"Comment\",\"target\":[\"https:\/\/luciaschwalenberg.de\/historische-beiderwand-weberei-meldorf\/#respond\"]}]},{\"@type\":\"WebPage\",\"@id\":\"https:\/\/luciaschwalenberg.de\/historische-beiderwand-weberei-meldorf\/\",\"url\":\"https:\/\/luciaschwalenberg.de\/historische-beiderwand-weberei-meldorf\/\",\"name\":\"Historische Beiderwand-Weberei Meldorf - Lucia Schwalenberg\",\"isPartOf\":{\"@id\":\"https:\/\/luciaschwalenberg.de\/#website\"},\"primaryImageOfPage\":{\"@id\":\"https:\/\/luciaschwalenberg.de\/historische-beiderwand-weberei-meldorf\/#primaryimage\"},\"image\":{\"@id\":\"https:\/\/luciaschwalenberg.de\/historische-beiderwand-weberei-meldorf\/#primaryimage\"},\"thumbnailUrl\":\"https:\/\/luciaschwalenberg.de\/wp-content\/uploads\/meldorf-433x433-2.jpg\",\"datePublished\":\"2019-12-31T00:40:03+00:00\",\"dateModified\":\"2020-06-25T16:28:08+00:00\",\"description\":\"Kollektionsentwicklung auf Basis eines historischen Musterschatzes Die Stiftung Mensch verf\u00fcgt im authentischen Geb\u00e4udekomplex des Alten Pastorats Meldorf\",\"breadcrumb\":{\"@id\":\"https:\/\/luciaschwalenberg.de\/historische-beiderwand-weberei-meldorf\/#breadcrumb\"},\"inLanguage\":\"es\",\"potentialAction\":[{\"@type\":\"ReadAction\",\"target\":[\"https:\/\/luciaschwalenberg.de\/historische-beiderwand-weberei-meldorf\/\"]}]},{\"@type\":\"ImageObject\",\"inLanguage\":\"es\",\"@id\":\"https:\/\/luciaschwalenberg.de\/historische-beiderwand-weberei-meldorf\/#primaryimage\",\"url\":\"https:\/\/luciaschwalenberg.de\/wp-content\/uploads\/meldorf-433x433-2.jpg\",\"contentUrl\":\"https:\/\/luciaschwalenberg.de\/wp-content\/uploads\/meldorf-433x433-2.jpg\",\"width\":433,\"height\":446},{\"@type\":\"BreadcrumbList\",\"@id\":\"https:\/\/luciaschwalenberg.de\/historische-beiderwand-weberei-meldorf\/#breadcrumb\",\"itemListElement\":[{\"@type\":\"ListItem\",\"position\":1,\"name\":\"Home\",\"item\":\"https:\/\/luciaschwalenberg.de\/\"},{\"@type\":\"ListItem\",\"position\":2,\"name\":\"Historische Beiderwand-Weberei Meldorf\"}]},{\"@type\":\"WebSite\",\"@id\":\"https:\/\/luciaschwalenberg.de\/#website\",\"url\":\"https:\/\/luciaschwalenberg.de\/\",\"name\":\"Lucia Schwalenberg\",\"description\":\"WEBEREI &amp; TEXTILDESIGN\",\"publisher\":{\"@id\":\"https:\/\/luciaschwalenberg.de\/#organization\"},\"potentialAction\":[{\"@type\":\"SearchAction\",\"target\":{\"@type\":\"EntryPoint\",\"urlTemplate\":\"https:\/\/luciaschwalenberg.de\/?s={search_term_string}\"},\"query-input\":{\"@type\":\"PropertyValueSpecification\",\"valueRequired\":true,\"valueName\":\"search_term_string\"}}],\"inLanguage\":\"es\"},{\"@type\":\"Organization\",\"@id\":\"https:\/\/luciaschwalenberg.de\/#organization\",\"name\":\"Weberei und Textildesign Lucia Schwalenberg\",\"url\":\"https:\/\/luciaschwalenberg.de\/\",\"logo\":{\"@type\":\"ImageObject\",\"inLanguage\":\"es\",\"@id\":\"https:\/\/luciaschwalenberg.de\/#\/schema\/logo\/image\/\",\"url\":\"https:\/\/luciaschwalenberg.de\/wp-content\/uploads\/logo-alt-lucia4.png\",\"contentUrl\":\"https:\/\/luciaschwalenberg.de\/wp-content\/uploads\/logo-alt-lucia4.png\",\"width\":246,\"height\":169,\"caption\":\"Weberei und Textildesign Lucia Schwalenberg\"},\"image\":{\"@id\":\"https:\/\/luciaschwalenberg.de\/#\/schema\/logo\/image\/\"},\"sameAs\":[\"https:\/\/www.facebook.com\/webereiluciaschwalenberg\",\"https:\/\/x.com\/luciaweberei\"]},{\"@type\":\"Person\",\"@id\":\"https:\/\/luciaschwalenberg.de\/#\/schema\/person\/8b25331a7277074af9aba4e01fb5f9e3\",\"name\":\"Lucia Schwalenberg\",\"image\":{\"@type\":\"ImageObject\",\"inLanguage\":\"es\",\"@id\":\"https:\/\/luciaschwalenberg.de\/#\/schema\/person\/image\/\",\"url\":\"https:\/\/secure.gravatar.com\/avatar\/ebce0e46391441d9f3e46922237621004cb05f3142ac8478760b0ce513f907c8?s=96&d=mm&r=g\",\"contentUrl\":\"https:\/\/secure.gravatar.com\/avatar\/ebce0e46391441d9f3e46922237621004cb05f3142ac8478760b0ce513f907c8?s=96&d=mm&r=g\",\"caption\":\"Lucia Schwalenberg\"},\"sameAs\":[\"https:\/\/luciaschwalenberg.de\",\"https:\/\/www.facebook.com\/webereiluciaschwalenberg\",\"https:\/\/x.com\/luciaweberei\"]}]}<\/script>\n<!-- \/ Yoast SEO plugin. -->","yoast_head_json":{"title":"Hist\u00f3rica f\u00e1brica de tejidos de doble pared de Meldorf - Lucia Schwalenberg","description":"Desarrollo de la colecci\u00f3n a partir de un tesoro hist\u00f3rico La Stiftung Mensch posee una colecci\u00f3n en el aut\u00e9ntico complejo de edificios de la Antigua Pastorada de Meldorf.","robots":{"index":"index","follow":"follow","max-snippet":"max-snippet:-1","max-image-preview":"max-image-preview:large","max-video-preview":"max-video-preview:-1"},"canonical":"https:\/\/luciaschwalenberg.de\/es\/historico-molino-de-tejer-meldorf\/","og_locale":"es_ES","og_type":"article","og_title":"Historische Beiderwand-Weberei Meldorf - Lucia Schwalenberg","og_description":"Kollektionsentwicklung auf Basis eines historischen Musterschatzes Die Stiftung Mensch verf\u00fcgt im authentischen Geb\u00e4udekomplex des Alten Pastorats Meldorf","og_url":"https:\/\/luciaschwalenberg.de\/es\/historico-molino-de-tejer-meldorf\/","og_site_name":"Lucia Schwalenberg","article_publisher":"https:\/\/www.facebook.com\/webereiluciaschwalenberg","article_author":"https:\/\/www.facebook.com\/webereiluciaschwalenberg","article_published_time":"2019-12-31T00:40:03+00:00","article_modified_time":"2020-06-25T16:28:08+00:00","og_image":[{"width":433,"height":446,"url":"https:\/\/luciaschwalenberg.de\/wp-content\/uploads\/meldorf-433x433-2.jpg","type":"image\/jpeg"}],"author":"Lucia Schwalenberg","twitter_card":"summary_large_image","twitter_creator":"@luciaweberei","twitter_site":"@luciaweberei","twitter_misc":{"Escrito por":"Lucia Schwalenberg","Tiempo de lectura":"1 minuto"},"schema":{"@context":"https:\/\/schema.org","@graph":[{"@type":"Article","@id":"https:\/\/luciaschwalenberg.de\/historische-beiderwand-weberei-meldorf\/#article","isPartOf":{"@id":"https:\/\/luciaschwalenberg.de\/historische-beiderwand-weberei-meldorf\/"},"author":{"name":"Lucia Schwalenberg","@id":"https:\/\/luciaschwalenberg.de\/#\/schema\/person\/8b25331a7277074af9aba4e01fb5f9e3"},"headline":"Historische Beiderwand-Weberei Meldorf","datePublished":"2019-12-31T00:40:03+00:00","dateModified":"2020-06-25T16:28:08+00:00","mainEntityOfPage":{"@id":"https:\/\/luciaschwalenberg.de\/historische-beiderwand-weberei-meldorf\/"},"wordCount":115,"commentCount":13,"publisher":{"@id":"https:\/\/luciaschwalenberg.de\/#organization"},"image":{"@id":"https:\/\/luciaschwalenberg.de\/historische-beiderwand-weberei-meldorf\/#primaryimage"},"thumbnailUrl":"https:\/\/luciaschwalenberg.de\/wp-content\/uploads\/meldorf-433x433-2.jpg","articleSection":["Allgemein"],"inLanguage":"es","potentialAction":[{"@type":"CommentAction","name":"Comment","target":["https:\/\/luciaschwalenberg.de\/historische-beiderwand-weberei-meldorf\/#respond"]}]},{"@type":"WebPage","@id":"https:\/\/luciaschwalenberg.de\/historische-beiderwand-weberei-meldorf\/","url":"https:\/\/luciaschwalenberg.de\/historische-beiderwand-weberei-meldorf\/","name":"Hist\u00f3rica f\u00e1brica de tejidos de doble pared de Meldorf - Lucia Schwalenberg","isPartOf":{"@id":"https:\/\/luciaschwalenberg.de\/#website"},"primaryImageOfPage":{"@id":"https:\/\/luciaschwalenberg.de\/historische-beiderwand-weberei-meldorf\/#primaryimage"},"image":{"@id":"https:\/\/luciaschwalenberg.de\/historische-beiderwand-weberei-meldorf\/#primaryimage"},"thumbnailUrl":"https:\/\/luciaschwalenberg.de\/wp-content\/uploads\/meldorf-433x433-2.jpg","datePublished":"2019-12-31T00:40:03+00:00","dateModified":"2020-06-25T16:28:08+00:00","description":"Desarrollo de la colecci\u00f3n a partir de un tesoro hist\u00f3rico La Stiftung Mensch posee una colecci\u00f3n en el aut\u00e9ntico complejo de edificios de la Antigua Pastorada de Meldorf.","breadcrumb":{"@id":"https:\/\/luciaschwalenberg.de\/historische-beiderwand-weberei-meldorf\/#breadcrumb"},"inLanguage":"es","potentialAction":[{"@type":"ReadAction","target":["https:\/\/luciaschwalenberg.de\/historische-beiderwand-weberei-meldorf\/"]}]},{"@type":"ImageObject","inLanguage":"es","@id":"https:\/\/luciaschwalenberg.de\/historische-beiderwand-weberei-meldorf\/#primaryimage","url":"https:\/\/luciaschwalenberg.de\/wp-content\/uploads\/meldorf-433x433-2.jpg","contentUrl":"https:\/\/luciaschwalenberg.de\/wp-content\/uploads\/meldorf-433x433-2.jpg","width":433,"height":446},{"@type":"BreadcrumbList","@id":"https:\/\/luciaschwalenberg.de\/historische-beiderwand-weberei-meldorf\/#breadcrumb","itemListElement":[{"@type":"ListItem","position":1,"name":"Home","item":"https:\/\/luciaschwalenberg.de\/"},{"@type":"ListItem","position":2,"name":"Historische Beiderwand-Weberei Meldorf"}]},{"@type":"WebSite","@id":"https:\/\/luciaschwalenberg.de\/#website","url":"https:\/\/luciaschwalenberg.de\/","name":"Lucia Schwalenberg","description":"TEJIDO Y DISE\u00d1O TEXTIL","publisher":{"@id":"https:\/\/luciaschwalenberg.de\/#organization"},"potentialAction":[{"@type":"SearchAction","target":{"@type":"EntryPoint","urlTemplate":"https:\/\/luciaschwalenberg.de\/?s={search_term_string}"},"query-input":{"@type":"PropertyValueSpecification","valueRequired":true,"valueName":"search_term_string"}}],"inLanguage":"es"},{"@type":"Organization","@id":"https:\/\/luciaschwalenberg.de\/#organization","name":"Tejedur\u00eda y dise\u00f1o textil Lucia Schwalenberg","url":"https:\/\/luciaschwalenberg.de\/","logo":{"@type":"ImageObject","inLanguage":"es","@id":"https:\/\/luciaschwalenberg.de\/#\/schema\/logo\/image\/","url":"https:\/\/luciaschwalenberg.de\/wp-content\/uploads\/logo-alt-lucia4.png","contentUrl":"https:\/\/luciaschwalenberg.de\/wp-content\/uploads\/logo-alt-lucia4.png","width":246,"height":169,"caption":"Weberei und Textildesign Lucia Schwalenberg"},"image":{"@id":"https:\/\/luciaschwalenberg.de\/#\/schema\/logo\/image\/"},"sameAs":["https:\/\/www.facebook.com\/webereiluciaschwalenberg","https:\/\/x.com\/luciaweberei"]},{"@type":"Person","@id":"https:\/\/luciaschwalenberg.de\/#\/schema\/person\/8b25331a7277074af9aba4e01fb5f9e3","name":"Lucia Schwalenberg","image":{"@type":"ImageObject","inLanguage":"es","@id":"https:\/\/luciaschwalenberg.de\/#\/schema\/person\/image\/","url":"https:\/\/secure.gravatar.com\/avatar\/ebce0e46391441d9f3e46922237621004cb05f3142ac8478760b0ce513f907c8?s=96&d=mm&r=g","contentUrl":"https:\/\/secure.gravatar.com\/avatar\/ebce0e46391441d9f3e46922237621004cb05f3142ac8478760b0ce513f907c8?s=96&d=mm&r=g","caption":"Lucia Schwalenberg"},"sameAs":["https:\/\/luciaschwalenberg.de","https:\/\/www.facebook.com\/webereiluciaschwalenberg","https:\/\/x.com\/luciaweberei"]}]}},"_links":{"self":[{"href":"https:\/\/luciaschwalenberg.de\/es\/wp-json\/wp\/v2\/posts\/5992","targetHints":{"allow":["GET"]}}],"collection":[{"href":"https:\/\/luciaschwalenberg.de\/es\/wp-json\/wp\/v2\/posts"}],"about":[{"href":"https:\/\/luciaschwalenberg.de\/es\/wp-json\/wp\/v2\/types\/post"}],"author":[{"embeddable":true,"href":"https:\/\/luciaschwalenberg.de\/es\/wp-json\/wp\/v2\/users\/1"}],"replies":[{"embeddable":true,"href":"https:\/\/luciaschwalenberg.de\/es\/wp-json\/wp\/v2\/comments?post=5992"}],"version-history":[{"count":0,"href":"https:\/\/luciaschwalenberg.de\/es\/wp-json\/wp\/v2\/posts\/5992\/revisions"}],"wp:featuredmedia":[{"embeddable":true,"href":"https:\/\/luciaschwalenberg.de\/es\/wp-json\/wp\/v2\/media\/6089"}],"wp:attachment":[{"href":"https:\/\/luciaschwalenberg.de\/es\/wp-json\/wp\/v2\/media?parent=5992"}],"wp:term":[{"taxonomy":"category","embeddable":true,"href":"https:\/\/luciaschwalenberg.de\/es\/wp-json\/wp\/v2\/categories?post=5992"},{"taxonomy":"post_tag","embeddable":true,"href":"https:\/\/luciaschwalenberg.de\/es\/wp-json\/wp\/v2\/tags?post=5992"}],"curies":[{"name":"wp","href":"https:\/\/api.w.org\/{rel}","templated":true}]}}