{"id":5926,"date":"2019-12-30T23:55:40","date_gmt":"2019-12-30T22:55:40","guid":{"rendered":"https:\/\/luciaschwalenberg.de\/?p=5926"},"modified":"2019-12-31T00:06:48","modified_gmt":"2019-12-30T23:06:48","slug":"the-academic-scarf","status":"publish","type":"post","link":"https:\/\/luciaschwalenberg.de\/en\/the-academic-scarf\/","title":{"rendered":"The academic scarf"},"content":{"rendered":"<p>The academic scarf of the University of Osnabr\u00fcck is a cooperation project of the Department of Textile Design for the Presidium of the University of Osnabr\u00fcck. For the first time the newly designed<!--more--> and developed academic scarf is awarded to the doctoral and postdoctoral graduates of the University of Osnabr\u00fcck at the graduation ceremony 2019. The scarf is since summer 2019 is also available in the Unishop.<\/p>\n<p><strong>From design to finished scarf<\/strong><br \/>\nThe path of the academic scarf began with a request from the President's Office to the Department of Textile Design to develop a university academic scarf with students. A welcome request, because the university scarf project offered the chance to put the digital Jacquard loom, newly acquired with investment funds, into operation for a demanding and concrete task. This was a high motivation for the students and the teachers in the weaving course \"From analog to digital\".<\/p>\n<p>The students researched the background of academic clothing and dealt with symbols and design elements of the university and the city of Osnabr\u00fcck. In sketches and drafts, they developed templates that were revised in the digital image editing program, covered with fabric weaves and woven on the digital Jacquard loom. During presentations with the executive board and the communications department, a joint design crystallized. On the design that was finally realized, the university's logo wanders across the scarf as do the students who successfully pass through the university. The silhouette of Osnabr\u00fcck and the castle with the lettering \"UOS\" symbolizes the central location of the university. In the center, the city's peace wheel combines with a lily as a symbol of wisdom and knowledge and as a symbol of the castle garden as the central meeting place for students.<\/p>\n<p>With Udo van der Kolk, a regional jacquard weaving mill was found that is able to weave according to design templates in small batches of 100 or 200 pieces. This required redrawing the weaves for the warp and weft density and making the card run with more than 5,000 jacquard cards for the entire length of the scarf. The scarf is woven in red silk on black cotton by the yard and finished with hem and fringe.<\/p>\n<p>Participating students:<br \/>\nS\u00fcmeyye Asci, Pauline Becking, Julia Falke Amelie Gieschler, Merve Kocaoglu, Lara Munsch, Naina Josefina Reuter, Julia Schaller, Rieke Scholle, Nesibe T\u00fcrkaslan, Derya Tuztas.<\/p>\n<p><strong>Participating teachers:<\/strong><br \/>\nProf. Dr. B\u00e4rbel Schmidt, Dipl. Des. Lucia Schwalenberg.<\/p>\n<p><strong>Photo:<\/strong> Ralf Orlowski<\/p>\n<div><strong>Accompanying publication<\/strong><\/div>\n<p><strong>Prof. Dr. Wolfgang L\u00fccke (Ed.)<br \/>\nThe academic scarf of the University of Osnabr\u00fcck<br \/>\nWith a foreword by Prof. Dr. Susanne Menzel-Riedl<br \/>\n28 pages, numerous color illustrations<br \/>\nFormat 21 x 14,8 cm<br \/>\nUniversity of Osnabr\u00fcck 2019<\/strong><\/p>\n<p><a class=\"download\" title=\"Download - opens in new window\" href=\"https:\/\/www.textil.uni-osnabrueck.de\/fileadmin\/user_upload\/Akademischer_Schal_Brosch%C3%BCre_web.pdf\" target=\"_blank\" rel=\"noopener noreferrer\">The academic scarf of the University of Osnabr\u00fcck<\/a><\/p>\n<p><a href=\"https:\/\/www.youtube.com\/watch?v=2WFaOG1asos&amp;feature=youtu.be\" target=\"_blank\" rel=\"noopener noreferrer\">https:\/\/www.youtube.com\/watch?v=2WFaOG1asos&amp;feature=youtu.be<\/a><\/p>\n<p><a href=\"https:\/\/www.uni-osnabrueck.de\/veranstaltungen\/zentrale-veranstaltungen\/promotionsfeier\/\" target=\"_blank\" rel=\"noopener noreferrer\">https:\/\/www.uni-osnabrueck.de\/veranstaltungen\/zentrale-veranstaltungen\/promotionsfeier\/<\/a><\/p>\n<p><img loading=\"lazy\" decoding=\"async\" class=\"alignnone size-full wp-image-5933\" src=\"https:\/\/luciaschwalenberg.de\/wp-content\/uploads\/akademischer-schal.jpg\" alt=\"\" width=\"1385\" height=\"922\" srcset=\"https:\/\/luciaschwalenberg.de\/wp-content\/uploads\/akademischer-schal.jpg 1385w, https:\/\/luciaschwalenberg.de\/wp-content\/uploads\/akademischer-schal-300x200.jpg 300w, https:\/\/luciaschwalenberg.de\/wp-content\/uploads\/akademischer-schal-1024x682.jpg 1024w, https:\/\/luciaschwalenberg.de\/wp-content\/uploads\/akademischer-schal-768x511.jpg 768w, https:\/\/luciaschwalenberg.de\/wp-content\/uploads\/akademischer-schal-660x439.jpg 660w, https:\/\/luciaschwalenberg.de\/wp-content\/uploads\/akademischer-schal-200x133.jpg 200w, https:\/\/luciaschwalenberg.de\/wp-content\/uploads\/akademischer-schal-392x261.jpg 392w, https:\/\/luciaschwalenberg.de\/wp-content\/uploads\/akademischer-schal-600x399.jpg 600w\" sizes=\"auto, (max-width: 1385px) 100vw, 1385px\" \/><\/p>","protected":false},"excerpt":{"rendered":"<p>The academic scarf of the University of Osnabr\u00fcck is a cooperation project of the Department of Textile Design for the Presidium of the University of Osnabr\u00fcck. For the first time the newly designed<\/p>","protected":false},"author":1,"featured_media":5927,"comment_status":"open","ping_status":"open","sticky":false,"template":"","format":"standard","meta":{"_acf_changed":false,"footnotes":""},"categories":[1],"tags":[],"class_list":["post-5926","post","type-post","status-publish","format-standard","has-post-thumbnail","hentry","category-allgemein"],"acf":[],"yoast_head":"<!-- This site is optimized with the Yoast SEO plugin v25.6 - https:\/\/yoast.com\/wordpress\/plugins\/seo\/ -->\n<title>Der akademische Schal - Lucia Schwalenberg<\/title>\n<meta name=\"description\" content=\"Der akademische Schal der Universit\u00e4t Osnabr\u00fcck ist ein Kooperationsprojekt des Fachgebietes Textiles Gestalten f\u00fcr das Pr\u00e4sidium der Universit\u00e4t\" \/>\n<meta name=\"robots\" content=\"index, follow, max-snippet:-1, max-image-preview:large, max-video-preview:-1\" \/>\n<link rel=\"canonical\" href=\"https:\/\/luciaschwalenberg.de\/en\/the-academic-scarf\/\" \/>\n<meta property=\"og:locale\" content=\"en_US\" \/>\n<meta property=\"og:type\" content=\"article\" \/>\n<meta property=\"og:title\" content=\"Der akademische Schal - Lucia Schwalenberg\" \/>\n<meta property=\"og:description\" content=\"Der akademische Schal der Universit\u00e4t Osnabr\u00fcck ist ein Kooperationsprojekt des Fachgebietes Textiles Gestalten f\u00fcr das Pr\u00e4sidium der Universit\u00e4t\" \/>\n<meta property=\"og:url\" content=\"https:\/\/luciaschwalenberg.de\/en\/the-academic-scarf\/\" \/>\n<meta property=\"og:site_name\" content=\"Lucia Schwalenberg\" \/>\n<meta property=\"article:publisher\" content=\"https:\/\/www.facebook.com\/webereiluciaschwalenberg\" \/>\n<meta property=\"article:author\" content=\"https:\/\/www.facebook.com\/webereiluciaschwalenberg\" \/>\n<meta property=\"article:published_time\" content=\"2019-12-30T22:55:40+00:00\" \/>\n<meta property=\"article:modified_time\" content=\"2019-12-30T23:06:48+00:00\" \/>\n<meta property=\"og:image\" content=\"https:\/\/luciaschwalenberg.de\/wp-content\/uploads\/beitragsbild-unischal-433x650-1.jpg\" \/>\n\t<meta property=\"og:image:width\" content=\"433\" \/>\n\t<meta property=\"og:image:height\" content=\"650\" \/>\n\t<meta property=\"og:image:type\" content=\"image\/jpeg\" \/>\n<meta name=\"author\" content=\"Lucia Schwalenberg\" \/>\n<meta name=\"twitter:card\" content=\"summary_large_image\" \/>\n<meta name=\"twitter:creator\" content=\"@luciaweberei\" \/>\n<meta name=\"twitter:site\" content=\"@luciaweberei\" \/>\n<meta name=\"twitter:label1\" content=\"Written by\" \/>\n\t<meta name=\"twitter:data1\" content=\"Lucia Schwalenberg\" \/>\n\t<meta name=\"twitter:label2\" content=\"Est. reading time\" \/>\n\t<meta name=\"twitter:data2\" content=\"2 minutes\" \/>\n<script type=\"application\/ld+json\" class=\"yoast-schema-graph\">{\"@context\":\"https:\/\/schema.org\",\"@graph\":[{\"@type\":\"Article\",\"@id\":\"https:\/\/luciaschwalenberg.de\/der-akademische-schal\/#article\",\"isPartOf\":{\"@id\":\"https:\/\/luciaschwalenberg.de\/der-akademische-schal\/\"},\"author\":{\"name\":\"Lucia Schwalenberg\",\"@id\":\"https:\/\/luciaschwalenberg.de\/#\/schema\/person\/8b25331a7277074af9aba4e01fb5f9e3\"},\"headline\":\"Der akademische Schal\",\"datePublished\":\"2019-12-30T22:55:40+00:00\",\"dateModified\":\"2019-12-30T23:06:48+00:00\",\"mainEntityOfPage\":{\"@id\":\"https:\/\/luciaschwalenberg.de\/der-akademische-schal\/\"},\"wordCount\":451,\"commentCount\":0,\"publisher\":{\"@id\":\"https:\/\/luciaschwalenberg.de\/#organization\"},\"image\":{\"@id\":\"https:\/\/luciaschwalenberg.de\/der-akademische-schal\/#primaryimage\"},\"thumbnailUrl\":\"https:\/\/luciaschwalenberg.de\/wp-content\/uploads\/beitragsbild-unischal-433x650-1.jpg\",\"articleSection\":[\"Allgemein\"],\"inLanguage\":\"en-US\",\"potentialAction\":[{\"@type\":\"CommentAction\",\"name\":\"Comment\",\"target\":[\"https:\/\/luciaschwalenberg.de\/der-akademische-schal\/#respond\"]}]},{\"@type\":\"WebPage\",\"@id\":\"https:\/\/luciaschwalenberg.de\/der-akademische-schal\/\",\"url\":\"https:\/\/luciaschwalenberg.de\/der-akademische-schal\/\",\"name\":\"Der akademische Schal - Lucia Schwalenberg\",\"isPartOf\":{\"@id\":\"https:\/\/luciaschwalenberg.de\/#website\"},\"primaryImageOfPage\":{\"@id\":\"https:\/\/luciaschwalenberg.de\/der-akademische-schal\/#primaryimage\"},\"image\":{\"@id\":\"https:\/\/luciaschwalenberg.de\/der-akademische-schal\/#primaryimage\"},\"thumbnailUrl\":\"https:\/\/luciaschwalenberg.de\/wp-content\/uploads\/beitragsbild-unischal-433x650-1.jpg\",\"datePublished\":\"2019-12-30T22:55:40+00:00\",\"dateModified\":\"2019-12-30T23:06:48+00:00\",\"description\":\"Der akademische Schal der Universit\u00e4t Osnabr\u00fcck ist ein Kooperationsprojekt des Fachgebietes Textiles Gestalten f\u00fcr das Pr\u00e4sidium der Universit\u00e4t\",\"breadcrumb\":{\"@id\":\"https:\/\/luciaschwalenberg.de\/der-akademische-schal\/#breadcrumb\"},\"inLanguage\":\"en-US\",\"potentialAction\":[{\"@type\":\"ReadAction\",\"target\":[\"https:\/\/luciaschwalenberg.de\/der-akademische-schal\/\"]}]},{\"@type\":\"ImageObject\",\"inLanguage\":\"en-US\",\"@id\":\"https:\/\/luciaschwalenberg.de\/der-akademische-schal\/#primaryimage\",\"url\":\"https:\/\/luciaschwalenberg.de\/wp-content\/uploads\/beitragsbild-unischal-433x650-1.jpg\",\"contentUrl\":\"https:\/\/luciaschwalenberg.de\/wp-content\/uploads\/beitragsbild-unischal-433x650-1.jpg\",\"width\":433,\"height\":650},{\"@type\":\"BreadcrumbList\",\"@id\":\"https:\/\/luciaschwalenberg.de\/der-akademische-schal\/#breadcrumb\",\"itemListElement\":[{\"@type\":\"ListItem\",\"position\":1,\"name\":\"Home\",\"item\":\"https:\/\/luciaschwalenberg.de\/\"},{\"@type\":\"ListItem\",\"position\":2,\"name\":\"Der akademische Schal\"}]},{\"@type\":\"WebSite\",\"@id\":\"https:\/\/luciaschwalenberg.de\/#website\",\"url\":\"https:\/\/luciaschwalenberg.de\/\",\"name\":\"Lucia Schwalenberg\",\"description\":\"WEBEREI &amp; TEXTILDESIGN\",\"publisher\":{\"@id\":\"https:\/\/luciaschwalenberg.de\/#organization\"},\"potentialAction\":[{\"@type\":\"SearchAction\",\"target\":{\"@type\":\"EntryPoint\",\"urlTemplate\":\"https:\/\/luciaschwalenberg.de\/?s={search_term_string}\"},\"query-input\":{\"@type\":\"PropertyValueSpecification\",\"valueRequired\":true,\"valueName\":\"search_term_string\"}}],\"inLanguage\":\"en-US\"},{\"@type\":\"Organization\",\"@id\":\"https:\/\/luciaschwalenberg.de\/#organization\",\"name\":\"Weberei und Textildesign Lucia Schwalenberg\",\"url\":\"https:\/\/luciaschwalenberg.de\/\",\"logo\":{\"@type\":\"ImageObject\",\"inLanguage\":\"en-US\",\"@id\":\"https:\/\/luciaschwalenberg.de\/#\/schema\/logo\/image\/\",\"url\":\"https:\/\/luciaschwalenberg.de\/wp-content\/uploads\/logo-alt-lucia4.png\",\"contentUrl\":\"https:\/\/luciaschwalenberg.de\/wp-content\/uploads\/logo-alt-lucia4.png\",\"width\":246,\"height\":169,\"caption\":\"Weberei und Textildesign Lucia Schwalenberg\"},\"image\":{\"@id\":\"https:\/\/luciaschwalenberg.de\/#\/schema\/logo\/image\/\"},\"sameAs\":[\"https:\/\/www.facebook.com\/webereiluciaschwalenberg\",\"https:\/\/x.com\/luciaweberei\"]},{\"@type\":\"Person\",\"@id\":\"https:\/\/luciaschwalenberg.de\/#\/schema\/person\/8b25331a7277074af9aba4e01fb5f9e3\",\"name\":\"Lucia Schwalenberg\",\"image\":{\"@type\":\"ImageObject\",\"inLanguage\":\"en-US\",\"@id\":\"https:\/\/luciaschwalenberg.de\/#\/schema\/person\/image\/\",\"url\":\"https:\/\/secure.gravatar.com\/avatar\/ebce0e46391441d9f3e46922237621004cb05f3142ac8478760b0ce513f907c8?s=96&d=mm&r=g\",\"contentUrl\":\"https:\/\/secure.gravatar.com\/avatar\/ebce0e46391441d9f3e46922237621004cb05f3142ac8478760b0ce513f907c8?s=96&d=mm&r=g\",\"caption\":\"Lucia Schwalenberg\"},\"sameAs\":[\"https:\/\/luciaschwalenberg.de\",\"https:\/\/www.facebook.com\/webereiluciaschwalenberg\",\"https:\/\/x.com\/luciaweberei\"]}]}<\/script>\n<!-- \/ Yoast SEO plugin. -->","yoast_head_json":{"title":"The academic scarf - Lucia Schwalenberg","description":"The academic scarf of the University of Osnabr\u00fcck is a cooperation project of the Department of Textile Design for the Presidium of the University of","robots":{"index":"index","follow":"follow","max-snippet":"max-snippet:-1","max-image-preview":"max-image-preview:large","max-video-preview":"max-video-preview:-1"},"canonical":"https:\/\/luciaschwalenberg.de\/en\/the-academic-scarf\/","og_locale":"en_US","og_type":"article","og_title":"Der akademische Schal - Lucia Schwalenberg","og_description":"Der akademische Schal der Universit\u00e4t Osnabr\u00fcck ist ein Kooperationsprojekt des Fachgebietes Textiles Gestalten f\u00fcr das Pr\u00e4sidium der Universit\u00e4t","og_url":"https:\/\/luciaschwalenberg.de\/en\/the-academic-scarf\/","og_site_name":"Lucia Schwalenberg","article_publisher":"https:\/\/www.facebook.com\/webereiluciaschwalenberg","article_author":"https:\/\/www.facebook.com\/webereiluciaschwalenberg","article_published_time":"2019-12-30T22:55:40+00:00","article_modified_time":"2019-12-30T23:06:48+00:00","og_image":[{"width":433,"height":650,"url":"https:\/\/luciaschwalenberg.de\/wp-content\/uploads\/beitragsbild-unischal-433x650-1.jpg","type":"image\/jpeg"}],"author":"Lucia Schwalenberg","twitter_card":"summary_large_image","twitter_creator":"@luciaweberei","twitter_site":"@luciaweberei","twitter_misc":{"Written by":"Lucia Schwalenberg","Est. reading time":"2 minutes"},"schema":{"@context":"https:\/\/schema.org","@graph":[{"@type":"Article","@id":"https:\/\/luciaschwalenberg.de\/der-akademische-schal\/#article","isPartOf":{"@id":"https:\/\/luciaschwalenberg.de\/der-akademische-schal\/"},"author":{"name":"Lucia Schwalenberg","@id":"https:\/\/luciaschwalenberg.de\/#\/schema\/person\/8b25331a7277074af9aba4e01fb5f9e3"},"headline":"Der akademische Schal","datePublished":"2019-12-30T22:55:40+00:00","dateModified":"2019-12-30T23:06:48+00:00","mainEntityOfPage":{"@id":"https:\/\/luciaschwalenberg.de\/der-akademische-schal\/"},"wordCount":451,"commentCount":0,"publisher":{"@id":"https:\/\/luciaschwalenberg.de\/#organization"},"image":{"@id":"https:\/\/luciaschwalenberg.de\/der-akademische-schal\/#primaryimage"},"thumbnailUrl":"https:\/\/luciaschwalenberg.de\/wp-content\/uploads\/beitragsbild-unischal-433x650-1.jpg","articleSection":["Allgemein"],"inLanguage":"en-US","potentialAction":[{"@type":"CommentAction","name":"Comment","target":["https:\/\/luciaschwalenberg.de\/der-akademische-schal\/#respond"]}]},{"@type":"WebPage","@id":"https:\/\/luciaschwalenberg.de\/der-akademische-schal\/","url":"https:\/\/luciaschwalenberg.de\/der-akademische-schal\/","name":"The academic scarf - Lucia Schwalenberg","isPartOf":{"@id":"https:\/\/luciaschwalenberg.de\/#website"},"primaryImageOfPage":{"@id":"https:\/\/luciaschwalenberg.de\/der-akademische-schal\/#primaryimage"},"image":{"@id":"https:\/\/luciaschwalenberg.de\/der-akademische-schal\/#primaryimage"},"thumbnailUrl":"https:\/\/luciaschwalenberg.de\/wp-content\/uploads\/beitragsbild-unischal-433x650-1.jpg","datePublished":"2019-12-30T22:55:40+00:00","dateModified":"2019-12-30T23:06:48+00:00","description":"The academic scarf of the University of Osnabr\u00fcck is a cooperation project of the Department of Textile Design for the Presidium of the University of","breadcrumb":{"@id":"https:\/\/luciaschwalenberg.de\/der-akademische-schal\/#breadcrumb"},"inLanguage":"en-US","potentialAction":[{"@type":"ReadAction","target":["https:\/\/luciaschwalenberg.de\/der-akademische-schal\/"]}]},{"@type":"ImageObject","inLanguage":"en-US","@id":"https:\/\/luciaschwalenberg.de\/der-akademische-schal\/#primaryimage","url":"https:\/\/luciaschwalenberg.de\/wp-content\/uploads\/beitragsbild-unischal-433x650-1.jpg","contentUrl":"https:\/\/luciaschwalenberg.de\/wp-content\/uploads\/beitragsbild-unischal-433x650-1.jpg","width":433,"height":650},{"@type":"BreadcrumbList","@id":"https:\/\/luciaschwalenberg.de\/der-akademische-schal\/#breadcrumb","itemListElement":[{"@type":"ListItem","position":1,"name":"Home","item":"https:\/\/luciaschwalenberg.de\/"},{"@type":"ListItem","position":2,"name":"Der akademische Schal"}]},{"@type":"WebSite","@id":"https:\/\/luciaschwalenberg.de\/#website","url":"https:\/\/luciaschwalenberg.de\/","name":"Lucia Schwalenberg","description":"WEAVING &amp; TEXTILE DESIGN","publisher":{"@id":"https:\/\/luciaschwalenberg.de\/#organization"},"potentialAction":[{"@type":"SearchAction","target":{"@type":"EntryPoint","urlTemplate":"https:\/\/luciaschwalenberg.de\/?s={search_term_string}"},"query-input":{"@type":"PropertyValueSpecification","valueRequired":true,"valueName":"search_term_string"}}],"inLanguage":"en-US"},{"@type":"Organization","@id":"https:\/\/luciaschwalenberg.de\/#organization","name":"Weaving and textile design Lucia Schwalenberg","url":"https:\/\/luciaschwalenberg.de\/","logo":{"@type":"ImageObject","inLanguage":"en-US","@id":"https:\/\/luciaschwalenberg.de\/#\/schema\/logo\/image\/","url":"https:\/\/luciaschwalenberg.de\/wp-content\/uploads\/logo-alt-lucia4.png","contentUrl":"https:\/\/luciaschwalenberg.de\/wp-content\/uploads\/logo-alt-lucia4.png","width":246,"height":169,"caption":"Weberei und Textildesign Lucia Schwalenberg"},"image":{"@id":"https:\/\/luciaschwalenberg.de\/#\/schema\/logo\/image\/"},"sameAs":["https:\/\/www.facebook.com\/webereiluciaschwalenberg","https:\/\/x.com\/luciaweberei"]},{"@type":"Person","@id":"https:\/\/luciaschwalenberg.de\/#\/schema\/person\/8b25331a7277074af9aba4e01fb5f9e3","name":"Lucia Schwalenberg","image":{"@type":"ImageObject","inLanguage":"en-US","@id":"https:\/\/luciaschwalenberg.de\/#\/schema\/person\/image\/","url":"https:\/\/secure.gravatar.com\/avatar\/ebce0e46391441d9f3e46922237621004cb05f3142ac8478760b0ce513f907c8?s=96&d=mm&r=g","contentUrl":"https:\/\/secure.gravatar.com\/avatar\/ebce0e46391441d9f3e46922237621004cb05f3142ac8478760b0ce513f907c8?s=96&d=mm&r=g","caption":"Lucia Schwalenberg"},"sameAs":["https:\/\/luciaschwalenberg.de","https:\/\/www.facebook.com\/webereiluciaschwalenberg","https:\/\/x.com\/luciaweberei"]}]}},"_links":{"self":[{"href":"https:\/\/luciaschwalenberg.de\/en\/wp-json\/wp\/v2\/posts\/5926","targetHints":{"allow":["GET"]}}],"collection":[{"href":"https:\/\/luciaschwalenberg.de\/en\/wp-json\/wp\/v2\/posts"}],"about":[{"href":"https:\/\/luciaschwalenberg.de\/en\/wp-json\/wp\/v2\/types\/post"}],"author":[{"embeddable":true,"href":"https:\/\/luciaschwalenberg.de\/en\/wp-json\/wp\/v2\/users\/1"}],"replies":[{"embeddable":true,"href":"https:\/\/luciaschwalenberg.de\/en\/wp-json\/wp\/v2\/comments?post=5926"}],"version-history":[{"count":0,"href":"https:\/\/luciaschwalenberg.de\/en\/wp-json\/wp\/v2\/posts\/5926\/revisions"}],"wp:featuredmedia":[{"embeddable":true,"href":"https:\/\/luciaschwalenberg.de\/en\/wp-json\/wp\/v2\/media\/5927"}],"wp:attachment":[{"href":"https:\/\/luciaschwalenberg.de\/en\/wp-json\/wp\/v2\/media?parent=5926"}],"wp:term":[{"taxonomy":"category","embeddable":true,"href":"https:\/\/luciaschwalenberg.de\/en\/wp-json\/wp\/v2\/categories?post=5926"},{"taxonomy":"post_tag","embeddable":true,"href":"https:\/\/luciaschwalenberg.de\/en\/wp-json\/wp\/v2\/tags?post=5926"}],"curies":[{"name":"wp","href":"https:\/\/api.w.org\/{rel}","templated":true}]}}